{"id":10411,"date":"2016-02-02T19:50:32","date_gmt":"2016-02-02T19:50:32","guid":{"rendered":""},"modified":"2016-02-02T19:50:32","modified_gmt":"2016-02-02T19:50:32","slug":"en-mayo-primera-defensa-del-canelo-ante-amir-khan","status":"publish","type":"post","link":"https:\/\/sertv.gob.pa\/nacionalfm\/en-mayo-primera-defensa-del-canelo-ante-amir-khan\/","title":{"rendered":"En mayo primera defensa \u201cDel Canelo\u201d ante Amir Khan"},"content":{"rendered":"<p>\nGolden Boy Promotions promocionar\u00e1 exclusivamente el encuentro entre el mexicano Sa\u00fal &ldquo;El Canelo&rdquo; \u00c1lvarez de 46 victorias una sola derrota, un empate con 32 K.O., y campe\u00f3n de peso medio del Consejo Mundial de Boxeo, y el ex doble campe\u00f3n del mundo el brit\u00e1nico Amir &ldquo;King&rdquo; Khan con 31 victorias, 3 derrotas con 19 K.O., el pr\u00f3ximo 7 de mayo, durante las festividades de fin de semana del Cinco de mayo, en una contienda entre dos de las mejores estrellas del boxeo actual. <\/p>\n<p>El evento ser\u00e1 producido y distribuido en vivo por HBO Pay-Per-View\u00ae. <\/p>\n<p>La mega pelea promete acci\u00f3n de alta intensidad entre dos de los boxeadores m\u00e1s populares y poderosos del boxeo compitiendo en el mejor momento de sus carreras. La informaci\u00f3n sobre el lugar, la disponibilidad de boletos y una gira de prensa se dar\u00e1 a conocer en las pr\u00f3ximas semanas. <\/p>\n","protected":false},"excerpt":{"rendered":"<p>Golden Boy Promotions promocionar\u00e1 exclusivamente el encuentro entre el mexicano <a href=\"https:\/\/sertv.gob.pa\/nacionalfm\/en-mayo-primera-defensa-del-canelo-ante-amir-khan\/\"> [&#8230;]<\/a><\/p>\n","protected":false},"author":1,"featured_media":10412,"comment_status":"closed","ping_status":"closed","sticky":false,"template":"","format":"standard","meta":{"footnotes":""},"categories":[4],"tags":[],"class_list":["post-10411","post","type-post","status-publish","format-standard","has-post-thumbnail","hentry","category-deportes"],"_links":{"self":[{"href":"https:\/\/sertv.gob.pa\/nacionalfm\/wp-json\/wp\/v2\/posts\/10411","targetHints":{"allow":["GET"]}}],"collection":[{"href":"https:\/\/sertv.gob.pa\/nacionalfm\/wp-json\/wp\/v2\/posts"}],"about":[{"href":"https:\/\/sertv.gob.pa\/nacionalfm\/wp-json\/wp\/v2\/types\/post"}],"author":[{"embeddable":true,"href":"https:\/\/sertv.gob.pa\/nacionalfm\/wp-json\/wp\/v2\/users\/1"}],"replies":[{"embeddable":true,"href":"https:\/\/sertv.gob.pa\/nacionalfm\/wp-json\/wp\/v2\/comments?post=10411"}],"version-history":[{"count":0,"href":"https:\/\/sertv.gob.pa\/nacionalfm\/wp-json\/wp\/v2\/posts\/10411\/revisions"}],"wp:featuredmedia":[{"embeddable":true,"href":"https:\/\/sertv.gob.pa\/nacionalfm\/wp-json\/wp\/v2\/media\/10412"}],"wp:attachment":[{"href":"https:\/\/sertv.gob.pa\/nacionalfm\/wp-json\/wp\/v2\/media?parent=10411"}],"wp:term":[{"taxonomy":"category","embeddable":true,"href":"https:\/\/sertv.gob.pa\/nacionalfm\/wp-json\/wp\/v2\/categories?post=10411"},{"taxonomy":"post_tag","embeddable":true,"href":"https:\/\/sertv.gob.pa\/nacionalfm\/wp-json\/wp\/v2\/tags?post=10411"}],"curies":[{"name":"wp","href":"https:\/\/api.w.org\/{rel}","templated":true}]}}