{"id":10413,"date":"2016-02-02T20:50:04","date_gmt":"2016-02-02T20:50:04","guid":{"rendered":""},"modified":"2016-02-02T20:50:04","modified_gmt":"2016-02-02T20:50:04","slug":"curso-panamericano-para-entrenadores-dos-estrellas-de-boxeo","status":"publish","type":"post","link":"https:\/\/sertv.gob.pa\/nacionalfm\/curso-panamericano-para-entrenadores-dos-estrellas-de-boxeo\/","title":{"rendered":"Curso Panamericano para entrenadores dos estrellas de boxeo"},"content":{"rendered":"<p>\nEl presidente de la Federaci\u00f3n de Boxeo Ol\u00edmpico de Panam\u00e1 Tom\u00e1s Cianca anunci\u00f3 que se desarrollar\u00e1 un curso a nivel Panamericano de dos estrellas de la Asociaci\u00f3n Internacional de Boxeo AIBA, para entrenadores del 14 al 22 de febrero con sede en el Hotel Panam\u00e1. <\/p>\n<p>El curso tendr\u00e1 tres categor\u00edas y ser\u00e1 impartido en un horario de 8:00 de la ma\u00f1ana a 12:00 del mediod\u00eda (la parte te\u00f3rica) y de 1:00 a 5:00 de la tarde (el taller pr\u00e1ctico), en el gimnasio Pedro &lsquo;El Rockero&#8217; Alc\u00e1zar, ubicado en Curund\u00fa. <\/p>\n<p>Uno de los exponentes ser\u00e1 el entrenador cubano Jes\u00fas &lsquo;Chuch\u00fa&#8217; Dom\u00ednguez. <\/p>\n","protected":false},"excerpt":{"rendered":"<p>El presidente de la Federaci\u00f3n de Boxeo Ol\u00edmpico de Panam\u00e1 <a href=\"https:\/\/sertv.gob.pa\/nacionalfm\/curso-panamericano-para-entrenadores-dos-estrellas-de-boxeo\/\"> [&#8230;]<\/a><\/p>\n","protected":false},"author":1,"featured_media":10414,"comment_status":"closed","ping_status":"closed","sticky":false,"template":"","format":"standard","meta":{"footnotes":""},"categories":[4],"tags":[],"class_list":["post-10413","post","type-post","status-publish","format-standard","has-post-thumbnail","hentry","category-deportes"],"_links":{"self":[{"href":"https:\/\/sertv.gob.pa\/nacionalfm\/wp-json\/wp\/v2\/posts\/10413","targetHints":{"allow":["GET"]}}],"collection":[{"href":"https:\/\/sertv.gob.pa\/nacionalfm\/wp-json\/wp\/v2\/posts"}],"about":[{"href":"https:\/\/sertv.gob.pa\/nacionalfm\/wp-json\/wp\/v2\/types\/post"}],"author":[{"embeddable":true,"href":"https:\/\/sertv.gob.pa\/nacionalfm\/wp-json\/wp\/v2\/users\/1"}],"replies":[{"embeddable":true,"href":"https:\/\/sertv.gob.pa\/nacionalfm\/wp-json\/wp\/v2\/comments?post=10413"}],"version-history":[{"count":0,"href":"https:\/\/sertv.gob.pa\/nacionalfm\/wp-json\/wp\/v2\/posts\/10413\/revisions"}],"wp:featuredmedia":[{"embeddable":true,"href":"https:\/\/sertv.gob.pa\/nacionalfm\/wp-json\/wp\/v2\/media\/10414"}],"wp:attachment":[{"href":"https:\/\/sertv.gob.pa\/nacionalfm\/wp-json\/wp\/v2\/media?parent=10413"}],"wp:term":[{"taxonomy":"category","embeddable":true,"href":"https:\/\/sertv.gob.pa\/nacionalfm\/wp-json\/wp\/v2\/categories?post=10413"},{"taxonomy":"post_tag","embeddable":true,"href":"https:\/\/sertv.gob.pa\/nacionalfm\/wp-json\/wp\/v2\/tags?post=10413"}],"curies":[{"name":"wp","href":"https:\/\/api.w.org\/{rel}","templated":true}]}}