{"id":104291,"date":"2025-02-20T10:52:42","date_gmt":"2025-02-20T15:52:42","guid":{"rendered":"https:\/\/sertv.gob.pa\/nacionalfm\/?p=104291"},"modified":"2025-02-20T10:54:03","modified_gmt":"2025-02-20T15:54:03","slug":"104291-2","status":"publish","type":"post","link":"https:\/\/sertv.gob.pa\/nacionalfm\/104291-2\/","title":{"rendered":"MINSA participa de la primera reuni\u00f3n Ordinaria de la Red de Mecanismos Gubernamentales de Promoci\u00f3n de Igualdad de Oportunidades en Panam\u00e1"},"content":{"rendered":"<p><strong><em>El Ministerio de Salud de Panam\u00e1 (MINSA), a trav\u00e9s de la Secci\u00f3n Mujer, G\u00e9nero, Salud y Desarrollo de la direcci\u00f3n de Promoci\u00f3n de la Salud, particip\u00f3 de la Primera Reuni\u00f3n Ordinaria de la Red de Mecanismos Gubernamentales de Promoci\u00f3n de Igualdad de Oportunidades en Pana<\/em>m\u00e1.<\/strong><\/p>\n<p><strong>El MINSA, forma parte de la comisi\u00f3n 2, cuya responsabilidad es desarrollar acciones que respondan a los siguientes Ejes de la Pol\u00edtica P\u00fablica de Igualdad de Oportunidades para las Mujeres 2024-2034: Salud Integral, Derecho a la Seguridad y una Vida Libre de Violencia e Igualdad y Corresponsabilidad en los Cuidados.<\/strong><\/p>\n<p><strong>El Ministerio de Salud sigue comprometido con ofrecer Salud y Bienestar Integral para las Mujeres en todo el ciclo de vida.<\/strong><\/p>\n<p>&nbsp;<\/p>\n<p>Fuente: MINSA<\/p>\n","protected":false},"excerpt":{"rendered":"<p>El Ministerio de Salud de Panam\u00e1 (MINSA), a trav\u00e9s de <a href=\"https:\/\/sertv.gob.pa\/nacionalfm\/104291-2\/\"> [&#8230;]<\/a><\/p>\n","protected":false},"author":9,"featured_media":104292,"comment_status":"closed","ping_status":"closed","sticky":false,"template":"","format":"standard","meta":{"footnotes":""},"categories":[5],"tags":[],"class_list":["post-104291","post","type-post","status-publish","format-standard","has-post-thumbnail","hentry","category-salud"],"_links":{"self":[{"href":"https:\/\/sertv.gob.pa\/nacionalfm\/wp-json\/wp\/v2\/posts\/104291","targetHints":{"allow":["GET"]}}],"collection":[{"href":"https:\/\/sertv.gob.pa\/nacionalfm\/wp-json\/wp\/v2\/posts"}],"about":[{"href":"https:\/\/sertv.gob.pa\/nacionalfm\/wp-json\/wp\/v2\/types\/post"}],"author":[{"embeddable":true,"href":"https:\/\/sertv.gob.pa\/nacionalfm\/wp-json\/wp\/v2\/users\/9"}],"replies":[{"embeddable":true,"href":"https:\/\/sertv.gob.pa\/nacionalfm\/wp-json\/wp\/v2\/comments?post=104291"}],"version-history":[{"count":2,"href":"https:\/\/sertv.gob.pa\/nacionalfm\/wp-json\/wp\/v2\/posts\/104291\/revisions"}],"predecessor-version":[{"id":104294,"href":"https:\/\/sertv.gob.pa\/nacionalfm\/wp-json\/wp\/v2\/posts\/104291\/revisions\/104294"}],"wp:featuredmedia":[{"embeddable":true,"href":"https:\/\/sertv.gob.pa\/nacionalfm\/wp-json\/wp\/v2\/media\/104292"}],"wp:attachment":[{"href":"https:\/\/sertv.gob.pa\/nacionalfm\/wp-json\/wp\/v2\/media?parent=104291"}],"wp:term":[{"taxonomy":"category","embeddable":true,"href":"https:\/\/sertv.gob.pa\/nacionalfm\/wp-json\/wp\/v2\/categories?post=104291"},{"taxonomy":"post_tag","embeddable":true,"href":"https:\/\/sertv.gob.pa\/nacionalfm\/wp-json\/wp\/v2\/tags?post=104291"}],"curies":[{"name":"wp","href":"https:\/\/api.w.org\/{rel}","templated":true}]}}