{"id":10431,"date":"2016-02-03T15:27:05","date_gmt":"2016-02-03T15:27:05","guid":{"rendered":""},"modified":"2016-02-03T15:27:05","modified_gmt":"2016-02-03T15:27:05","slug":"cambian-fecha-de-vencimiento-de-farmaco-coveram","status":"publish","type":"post","link":"https:\/\/sertv.gob.pa\/nacionalfm\/cambian-fecha-de-vencimiento-de-farmaco-coveram\/","title":{"rendered":"Cambian fecha de vencimiento de f\u00e1rmaco Coveram"},"content":{"rendered":"<p>\nEl  Ministerio de Salud (Minsa) \u00a0emiti\u00f3 una alerta sanitaria para advertir a la poblaci\u00f3n que a un lote de medicamento se le cambi\u00f3 la fecha de vencimiento. <\/p>\n<p>Se trata del medicamento Coveram en su versi\u00f3n de 5 miligramos fabricado por Laboratorios Servier. <\/p>\n<p>Espec\u00edficamente el f\u00e1rmaco que fue hallado en un allanamiento en Bogot\u00e1, Colombia. El lote tiene el n\u00famero: 115550. <\/p>\n<p>Este lote ten\u00eda una fecha de vencimiento original para agosto de 2013, pero fue reimpresa para agosto de 2016. <\/p>\n<p>El Minsa solicit\u00f3 a las personas que tengan en su poder medicamentos de este lote en espec\u00edfico, llamar al 512-9404 y no consumirlo. <\/p>\n<p>El n\u00famero de lote se encuentra impreso en la caja del f\u00e1rmaco. <\/p>\n<p>\u00a0 <\/p>\n<p>\u00a0 <\/p>\n","protected":false},"excerpt":{"rendered":"<p>El Ministerio de Salud (Minsa) \u00a0emiti\u00f3 una alerta sanitaria para <a href=\"https:\/\/sertv.gob.pa\/nacionalfm\/cambian-fecha-de-vencimiento-de-farmaco-coveram\/\"> [&#8230;]<\/a><\/p>\n","protected":false},"author":1,"featured_media":10432,"comment_status":"closed","ping_status":"closed","sticky":false,"template":"","format":"standard","meta":{"footnotes":""},"categories":[5],"tags":[],"class_list":["post-10431","post","type-post","status-publish","format-standard","has-post-thumbnail","hentry","category-salud"],"_links":{"self":[{"href":"https:\/\/sertv.gob.pa\/nacionalfm\/wp-json\/wp\/v2\/posts\/10431","targetHints":{"allow":["GET"]}}],"collection":[{"href":"https:\/\/sertv.gob.pa\/nacionalfm\/wp-json\/wp\/v2\/posts"}],"about":[{"href":"https:\/\/sertv.gob.pa\/nacionalfm\/wp-json\/wp\/v2\/types\/post"}],"author":[{"embeddable":true,"href":"https:\/\/sertv.gob.pa\/nacionalfm\/wp-json\/wp\/v2\/users\/1"}],"replies":[{"embeddable":true,"href":"https:\/\/sertv.gob.pa\/nacionalfm\/wp-json\/wp\/v2\/comments?post=10431"}],"version-history":[{"count":0,"href":"https:\/\/sertv.gob.pa\/nacionalfm\/wp-json\/wp\/v2\/posts\/10431\/revisions"}],"wp:featuredmedia":[{"embeddable":true,"href":"https:\/\/sertv.gob.pa\/nacionalfm\/wp-json\/wp\/v2\/media\/10432"}],"wp:attachment":[{"href":"https:\/\/sertv.gob.pa\/nacionalfm\/wp-json\/wp\/v2\/media?parent=10431"}],"wp:term":[{"taxonomy":"category","embeddable":true,"href":"https:\/\/sertv.gob.pa\/nacionalfm\/wp-json\/wp\/v2\/categories?post=10431"},{"taxonomy":"post_tag","embeddable":true,"href":"https:\/\/sertv.gob.pa\/nacionalfm\/wp-json\/wp\/v2\/tags?post=10431"}],"curies":[{"name":"wp","href":"https:\/\/api.w.org\/{rel}","templated":true}]}}