{"id":10449,"date":"2016-02-03T17:21:15","date_gmt":"2016-02-03T17:21:15","guid":{"rendered":""},"modified":"2016-02-03T17:21:15","modified_gmt":"2016-02-03T17:21:15","slug":"reafirman-interes-de-panama-en-volver-a-la-serie-del-caribe","status":"publish","type":"post","link":"https:\/\/sertv.gob.pa\/nacionalfm\/reafirman-interes-de-panama-en-volver-a-la-serie-del-caribe\/","title":{"rendered":"Reafirman  inter\u00e9s de Panam\u00e1 en volver a la Serie del Caribe"},"content":{"rendered":"<p>\nEl vicecanciller de la Rep\u00fablica, Luis Miguel Hincapi\u00e9, reafirm\u00f3 ante Juan Puello Herrera, presidente de la Confederaci\u00f3n de B\u00e9isbol Profesional del Caribe (CBPC), el inter\u00e9s del Gobierno nacional de que incluyan a Panam\u00e1 en la Serie del Caribe, que en estos d\u00edas se celebra en el estadio de Quisqueya de Santo Domingo. <\/p>\n<p>Hincapi\u00e9 destac\u00f3 que esta solicitud se suma a las gestiones que durante a\u00f1os se han venido realizando por parte de la dirigencia del b\u00e9isbol nacional para lograr este objetivo, pero que lastimosamente han sido infructuosas. <\/p>\n<p>La reuni\u00f3n se celebr\u00f3 durante el partido que ganaron los Venados de Mazatl\u00e1n\u00a0 de M\u00e9xico por 3-2 sobre los Leones de Escogido de Rep\u00fablica Dominicana, en la jornada inaugural de la Serie del Caribe n\u00famero 58. <\/p>\n<p>Ante esta solicitud, Puello se\u00f1al\u00f3 que existe un inter\u00e9s grande en la Serie del Caribe, organismo que preside, de que Panam\u00e1 vuelva a participar por su tradici\u00f3n en este deporte; adem\u00e1s, destac\u00f3 que el pa\u00eds centroamericano cuenta con una infraestructura que se est\u00e1 fortaleciendo y una buena camada de jugadores. <\/p>\n<p>Por \u00faltimo, Puello indic\u00f3 que la CBPC se reuni\u00f3 (ayer) para tratar el tema de Panam\u00e1 y esperan en breve seguir las conversaciones con las autoridades paname\u00f1as <\/p>\n<p>\u00a0 <\/p>\n","protected":false},"excerpt":{"rendered":"<p>El vicecanciller de la Rep\u00fablica, Luis Miguel Hincapi\u00e9, reafirm\u00f3 ante <a href=\"https:\/\/sertv.gob.pa\/nacionalfm\/reafirman-interes-de-panama-en-volver-a-la-serie-del-caribe\/\"> [&#8230;]<\/a><\/p>\n","protected":false},"author":1,"featured_media":10450,"comment_status":"closed","ping_status":"closed","sticky":false,"template":"","format":"standard","meta":{"footnotes":""},"categories":[4],"tags":[],"class_list":["post-10449","post","type-post","status-publish","format-standard","has-post-thumbnail","hentry","category-deportes"],"_links":{"self":[{"href":"https:\/\/sertv.gob.pa\/nacionalfm\/wp-json\/wp\/v2\/posts\/10449","targetHints":{"allow":["GET"]}}],"collection":[{"href":"https:\/\/sertv.gob.pa\/nacionalfm\/wp-json\/wp\/v2\/posts"}],"about":[{"href":"https:\/\/sertv.gob.pa\/nacionalfm\/wp-json\/wp\/v2\/types\/post"}],"author":[{"embeddable":true,"href":"https:\/\/sertv.gob.pa\/nacionalfm\/wp-json\/wp\/v2\/users\/1"}],"replies":[{"embeddable":true,"href":"https:\/\/sertv.gob.pa\/nacionalfm\/wp-json\/wp\/v2\/comments?post=10449"}],"version-history":[{"count":0,"href":"https:\/\/sertv.gob.pa\/nacionalfm\/wp-json\/wp\/v2\/posts\/10449\/revisions"}],"wp:featuredmedia":[{"embeddable":true,"href":"https:\/\/sertv.gob.pa\/nacionalfm\/wp-json\/wp\/v2\/media\/10450"}],"wp:attachment":[{"href":"https:\/\/sertv.gob.pa\/nacionalfm\/wp-json\/wp\/v2\/media?parent=10449"}],"wp:term":[{"taxonomy":"category","embeddable":true,"href":"https:\/\/sertv.gob.pa\/nacionalfm\/wp-json\/wp\/v2\/categories?post=10449"},{"taxonomy":"post_tag","embeddable":true,"href":"https:\/\/sertv.gob.pa\/nacionalfm\/wp-json\/wp\/v2\/tags?post=10449"}],"curies":[{"name":"wp","href":"https:\/\/api.w.org\/{rel}","templated":true}]}}