{"id":10451,"date":"2016-02-03T17:34:40","date_gmt":"2016-02-03T17:34:40","guid":{"rendered":""},"modified":"2016-02-03T17:34:40","modified_gmt":"2016-02-03T17:34:40","slug":"este-jueves-clausura-verano-feliz-2016-en-ciudad-irving-saladino","status":"publish","type":"post","link":"https:\/\/sertv.gob.pa\/nacionalfm\/este-jueves-clausura-verano-feliz-2016-en-ciudad-irving-saladino\/","title":{"rendered":"Este jueves clausura Verano Feliz 2016 en ciudad Irving Saladino"},"content":{"rendered":"<p>\nEste jueves 4 de febrero ser\u00e1 la clausura del programa Verano Feliz, que se inici\u00f3 el pasado 11 de enero en las instalaciones de la Ciudad Deportiva Irving Saladino en Juan D\u00edaz en la ciudad capital, y dem\u00e1s centros regionales provinciales. <\/p>\n<p>El acto de clausura se verificar\u00e1 desde las 9 de la ma\u00f1ana en el estadio Luis Ernesto &ldquo;Cascarita&rdquo; Tapia de la Ciudad Deportiva Irving Saladino. <\/p>\n<p>A resaltar que el programa de Verano Deportivo se constituy\u00f3 en fundamental para darle respuesta a la ni\u00f1ez y juventud paname\u00f1a al desarrollar actividades de f\u00fatbol, baloncesto, patinaje, nataci\u00f3n, entre otras, como parte de las distracciones que disfrutaron durante este per\u00edodo de vacaciones escolares. <\/p>\n<p>\u00a0 <\/p>\n","protected":false},"excerpt":{"rendered":"<p>Este jueves 4 de febrero ser\u00e1 la clausura del programa <a href=\"https:\/\/sertv.gob.pa\/nacionalfm\/este-jueves-clausura-verano-feliz-2016-en-ciudad-irving-saladino\/\"> [&#8230;]<\/a><\/p>\n","protected":false},"author":1,"featured_media":10452,"comment_status":"closed","ping_status":"closed","sticky":false,"template":"","format":"standard","meta":{"footnotes":""},"categories":[4],"tags":[],"class_list":["post-10451","post","type-post","status-publish","format-standard","has-post-thumbnail","hentry","category-deportes"],"_links":{"self":[{"href":"https:\/\/sertv.gob.pa\/nacionalfm\/wp-json\/wp\/v2\/posts\/10451","targetHints":{"allow":["GET"]}}],"collection":[{"href":"https:\/\/sertv.gob.pa\/nacionalfm\/wp-json\/wp\/v2\/posts"}],"about":[{"href":"https:\/\/sertv.gob.pa\/nacionalfm\/wp-json\/wp\/v2\/types\/post"}],"author":[{"embeddable":true,"href":"https:\/\/sertv.gob.pa\/nacionalfm\/wp-json\/wp\/v2\/users\/1"}],"replies":[{"embeddable":true,"href":"https:\/\/sertv.gob.pa\/nacionalfm\/wp-json\/wp\/v2\/comments?post=10451"}],"version-history":[{"count":0,"href":"https:\/\/sertv.gob.pa\/nacionalfm\/wp-json\/wp\/v2\/posts\/10451\/revisions"}],"wp:featuredmedia":[{"embeddable":true,"href":"https:\/\/sertv.gob.pa\/nacionalfm\/wp-json\/wp\/v2\/media\/10452"}],"wp:attachment":[{"href":"https:\/\/sertv.gob.pa\/nacionalfm\/wp-json\/wp\/v2\/media?parent=10451"}],"wp:term":[{"taxonomy":"category","embeddable":true,"href":"https:\/\/sertv.gob.pa\/nacionalfm\/wp-json\/wp\/v2\/categories?post=10451"},{"taxonomy":"post_tag","embeddable":true,"href":"https:\/\/sertv.gob.pa\/nacionalfm\/wp-json\/wp\/v2\/tags?post=10451"}],"curies":[{"name":"wp","href":"https:\/\/api.w.org\/{rel}","templated":true}]}}