{"id":10465,"date":"2016-02-04T15:08:28","date_gmt":"2016-02-04T15:08:28","guid":{"rendered":""},"modified":"2016-02-04T15:08:28","modified_gmt":"2016-02-04T15:08:28","slug":"dia-mundial-de-la-lucha-contra-el-cancer","status":"publish","type":"post","link":"https:\/\/sertv.gob.pa\/nacionalfm\/dia-mundial-de-la-lucha-contra-el-cancer\/","title":{"rendered":"D\u00eda mundial de la lucha contra el c\u00e1ncer"},"content":{"rendered":"<p>\nCient\u00edficos alrededor del mundo se esfuerzan para hallar mejores mecanismos de diagn\u00f3stico, que le permitan al  paciente con c\u00e1ncer  tener acceso a un tratamiento m\u00e1s oportuno, tarea encaminada hacia una tendencia denominada  medicina de precisi\u00f3n . <\/p>\n<p>Ahora la ciencia hurga en los misterios del c\u00e1ncer en la sangre. Hoy, 4 de febrero,  D\u00eda Mundial de la Lucha contra el C\u00e1ncer , vale la pena destacar que actualmente se trabaja a nivel de investigaci\u00f3n en una alternativa que busca reemplazar en un futuro la biopsia de tejido de un tumor maligno. <\/p>\n<p>Se trata de la &ldquo; biopsia l\u00edquida &rdquo;, que no es m\u00e1s que la extracci\u00f3n de una  muestra de sangre  que analiza las c\u00e9lulas tumorales que circulan en esta para as\u00ed estudiar la biolog\u00eda y la gen\u00e9tica de  ciertos tumores que est\u00e1n en estados avanzados . <\/p>\n<p>Este estudio en sangre es posible porque cuando las c\u00e9lulas mueren no desaparecen sin dejar rastro, sino que dejan su huella en forma de peque\u00f1os fragmentos de ADN que circulan en el plasma de la sangre, material conocido igualmente como ADN libre circulante. <\/p>\n<p>En los \u00faltimos a\u00f1os, ha cobrado fuerza la investigaci\u00f3n de las  c\u00e9lulas de c\u00e1ncer circulante y el ADN de origen tumoral  que circula en la sangre que ha dado como resultado esta alternativa experimental. <\/p>\n<p>\u00a0 <\/p>\n","protected":false},"excerpt":{"rendered":"<p>Cient\u00edficos alrededor del mundo se esfuerzan para hallar mejores mecanismos <a href=\"https:\/\/sertv.gob.pa\/nacionalfm\/dia-mundial-de-la-lucha-contra-el-cancer\/\"> [&#8230;]<\/a><\/p>\n","protected":false},"author":1,"featured_media":10466,"comment_status":"closed","ping_status":"closed","sticky":false,"template":"","format":"standard","meta":{"footnotes":""},"categories":[5],"tags":[],"class_list":["post-10465","post","type-post","status-publish","format-standard","has-post-thumbnail","hentry","category-salud"],"_links":{"self":[{"href":"https:\/\/sertv.gob.pa\/nacionalfm\/wp-json\/wp\/v2\/posts\/10465","targetHints":{"allow":["GET"]}}],"collection":[{"href":"https:\/\/sertv.gob.pa\/nacionalfm\/wp-json\/wp\/v2\/posts"}],"about":[{"href":"https:\/\/sertv.gob.pa\/nacionalfm\/wp-json\/wp\/v2\/types\/post"}],"author":[{"embeddable":true,"href":"https:\/\/sertv.gob.pa\/nacionalfm\/wp-json\/wp\/v2\/users\/1"}],"replies":[{"embeddable":true,"href":"https:\/\/sertv.gob.pa\/nacionalfm\/wp-json\/wp\/v2\/comments?post=10465"}],"version-history":[{"count":0,"href":"https:\/\/sertv.gob.pa\/nacionalfm\/wp-json\/wp\/v2\/posts\/10465\/revisions"}],"wp:featuredmedia":[{"embeddable":true,"href":"https:\/\/sertv.gob.pa\/nacionalfm\/wp-json\/wp\/v2\/media\/10466"}],"wp:attachment":[{"href":"https:\/\/sertv.gob.pa\/nacionalfm\/wp-json\/wp\/v2\/media?parent=10465"}],"wp:term":[{"taxonomy":"category","embeddable":true,"href":"https:\/\/sertv.gob.pa\/nacionalfm\/wp-json\/wp\/v2\/categories?post=10465"},{"taxonomy":"post_tag","embeddable":true,"href":"https:\/\/sertv.gob.pa\/nacionalfm\/wp-json\/wp\/v2\/tags?post=10465"}],"curies":[{"name":"wp","href":"https:\/\/api.w.org\/{rel}","templated":true}]}}