{"id":1047,"date":"2014-08-15T05:00:00","date_gmt":"2014-08-15T05:00:00","guid":{"rendered":""},"modified":"2014-08-15T05:00:00","modified_gmt":"2014-08-15T05:00:00","slug":"canada-donara-dosis-de-vacuna-experimental-contra-el-ebola","status":"publish","type":"post","link":"https:\/\/sertv.gob.pa\/nacionalfm\/canada-donara-dosis-de-vacuna-experimental-contra-el-ebola\/","title":{"rendered":"Canad\u00e1 donar\u00e1 dosis de vacuna experimental contra el \u00e9bola"},"content":{"rendered":"<p>\nEl gobierno canadiense dio a conocer \u00a0que donar\u00e1 m\u00e1s de 1.000 dosis de una vacuna experimental contra el \u00e9bola a la Organizaci\u00f3n Mundial de la Salud en un intento por ayudar a combatir el brote de la enfermedad. <\/p>\n<p>La ministra de Salud, Rona Ambrose, expres\u00f3 que el pa\u00eds hab\u00eda desarrollado cerca de 1.500 dosis de la vacuna y advirti\u00f3 que todav\u00eda no ha sido probada en seres humanos. <\/p>\n<p>Los expertos advierten que podr\u00edan tardar de cuatro a seis meses en fabricar una cantidad lo suficientemente grande como para que tenga un impacto real. <\/p>\n<p>La empresa estadounidense que produjo por separado su propio suero experimental para luchar contra el \u00e9bola, que ya ha matado a m\u00e1s de 1.000 personas, igualmente asegura tener solo una peque\u00f1a cantidad disponible.\u00a0 @nacionalFm <\/p>\n<p>\u00a0 <\/p>\n","protected":false},"excerpt":{"rendered":"<p>El gobierno canadiense dio a conocer \u00a0que donar\u00e1 m\u00e1s de <a href=\"https:\/\/sertv.gob.pa\/nacionalfm\/canada-donara-dosis-de-vacuna-experimental-contra-el-ebola\/\"> [&#8230;]<\/a><\/p>\n","protected":false},"author":1,"featured_media":1048,"comment_status":"closed","ping_status":"closed","sticky":false,"template":"","format":"standard","meta":{"footnotes":""},"categories":[5],"tags":[],"class_list":["post-1047","post","type-post","status-publish","format-standard","has-post-thumbnail","hentry","category-salud"],"_links":{"self":[{"href":"https:\/\/sertv.gob.pa\/nacionalfm\/wp-json\/wp\/v2\/posts\/1047","targetHints":{"allow":["GET"]}}],"collection":[{"href":"https:\/\/sertv.gob.pa\/nacionalfm\/wp-json\/wp\/v2\/posts"}],"about":[{"href":"https:\/\/sertv.gob.pa\/nacionalfm\/wp-json\/wp\/v2\/types\/post"}],"author":[{"embeddable":true,"href":"https:\/\/sertv.gob.pa\/nacionalfm\/wp-json\/wp\/v2\/users\/1"}],"replies":[{"embeddable":true,"href":"https:\/\/sertv.gob.pa\/nacionalfm\/wp-json\/wp\/v2\/comments?post=1047"}],"version-history":[{"count":0,"href":"https:\/\/sertv.gob.pa\/nacionalfm\/wp-json\/wp\/v2\/posts\/1047\/revisions"}],"wp:featuredmedia":[{"embeddable":true,"href":"https:\/\/sertv.gob.pa\/nacionalfm\/wp-json\/wp\/v2\/media\/1048"}],"wp:attachment":[{"href":"https:\/\/sertv.gob.pa\/nacionalfm\/wp-json\/wp\/v2\/media?parent=1047"}],"wp:term":[{"taxonomy":"category","embeddable":true,"href":"https:\/\/sertv.gob.pa\/nacionalfm\/wp-json\/wp\/v2\/categories?post=1047"},{"taxonomy":"post_tag","embeddable":true,"href":"https:\/\/sertv.gob.pa\/nacionalfm\/wp-json\/wp\/v2\/tags?post=1047"}],"curies":[{"name":"wp","href":"https:\/\/api.w.org\/{rel}","templated":true}]}}