{"id":10475,"date":"2016-02-04T16:08:48","date_gmt":"2016-02-04T16:08:48","guid":{"rendered":""},"modified":"2016-02-04T16:08:48","modified_gmt":"2016-02-04T16:08:48","slug":"cancer-gastrico-una-de-las-principales-causas-de-muerte-en-mexico","status":"publish","type":"post","link":"https:\/\/sertv.gob.pa\/nacionalfm\/cancer-gastrico-una-de-las-principales-causas-de-muerte-en-mexico\/","title":{"rendered":"C\u00e1ncer g\u00e1strico, una de las principales causas de muerte en M\u00e9xico"},"content":{"rendered":"<p>\nEl c\u00e1ncer g\u00e1strico es el quinto tipo de c\u00e1ncer que m\u00e1s decesos provoca en M\u00e9xico pero es, seg\u00fan han advertido los expertos, el que presenta una mayor mortalidad debido a que se detecta en etapas avanzadas. <\/p>\n<p>Con motivo del D\u00eda Mundial contra el C\u00e1ncer, celebrado hoy, el Senado mexicano hizo un llamado al Gobierno federal para que impulse una campa\u00f1a nacional que informe sobre las causas y factores de riesgo que pueden originar este tipo de c\u00e1ncer. <\/p>\n<p>Los legisladores indicaron que es necesario redoblar los esfuerzos contra esta enfermedad con el fin de disminuir su prevalencia y mejorar la calidad de vida de los pacientes. <\/p>\n<p>A su juicio, no hay una pol\u00edtica articulada e integral orientada a su prevenci\u00f3n, diagn\u00f3stico, tratamiento y control. <\/p>\n<p>Seg\u00fan apunt\u00f3 la c\u00e1mara alta, es fundamental identificar, desarrollar e implantar programas o acciones que garanticen la calidad y continuidad de los tratamientos y servicios de salud para quienes viven con este padecimiento. <\/p>\n<p>En su sesi\u00f3n ordinaria del pasado 14 de diciembre, el Senado aval\u00f3 un dictamen que se\u00f1al\u00f3 que la dieta y el consumo de alcohol y tabaco, adem\u00e1s de la infecci\u00f3n por la bacteria &lsquo;helicobacter pylori&#8217; son las principales causas de esta enfermedad entre los mexicanos. <\/p>\n<p>\u00a0 <\/p>\n","protected":false},"excerpt":{"rendered":"<p>El c\u00e1ncer g\u00e1strico es el quinto tipo de c\u00e1ncer que <a href=\"https:\/\/sertv.gob.pa\/nacionalfm\/cancer-gastrico-una-de-las-principales-causas-de-muerte-en-mexico\/\"> [&#8230;]<\/a><\/p>\n","protected":false},"author":1,"featured_media":10476,"comment_status":"closed","ping_status":"closed","sticky":false,"template":"","format":"standard","meta":{"footnotes":""},"categories":[5],"tags":[],"class_list":["post-10475","post","type-post","status-publish","format-standard","has-post-thumbnail","hentry","category-salud"],"_links":{"self":[{"href":"https:\/\/sertv.gob.pa\/nacionalfm\/wp-json\/wp\/v2\/posts\/10475","targetHints":{"allow":["GET"]}}],"collection":[{"href":"https:\/\/sertv.gob.pa\/nacionalfm\/wp-json\/wp\/v2\/posts"}],"about":[{"href":"https:\/\/sertv.gob.pa\/nacionalfm\/wp-json\/wp\/v2\/types\/post"}],"author":[{"embeddable":true,"href":"https:\/\/sertv.gob.pa\/nacionalfm\/wp-json\/wp\/v2\/users\/1"}],"replies":[{"embeddable":true,"href":"https:\/\/sertv.gob.pa\/nacionalfm\/wp-json\/wp\/v2\/comments?post=10475"}],"version-history":[{"count":0,"href":"https:\/\/sertv.gob.pa\/nacionalfm\/wp-json\/wp\/v2\/posts\/10475\/revisions"}],"wp:featuredmedia":[{"embeddable":true,"href":"https:\/\/sertv.gob.pa\/nacionalfm\/wp-json\/wp\/v2\/media\/10476"}],"wp:attachment":[{"href":"https:\/\/sertv.gob.pa\/nacionalfm\/wp-json\/wp\/v2\/media?parent=10475"}],"wp:term":[{"taxonomy":"category","embeddable":true,"href":"https:\/\/sertv.gob.pa\/nacionalfm\/wp-json\/wp\/v2\/categories?post=10475"},{"taxonomy":"post_tag","embeddable":true,"href":"https:\/\/sertv.gob.pa\/nacionalfm\/wp-json\/wp\/v2\/tags?post=10475"}],"curies":[{"name":"wp","href":"https:\/\/api.w.org\/{rel}","templated":true}]}}