{"id":10485,"date":"2016-02-04T18:16:36","date_gmt":"2016-02-04T18:16:36","guid":{"rendered":""},"modified":"2016-02-04T18:16:36","modified_gmt":"2016-02-04T18:16:36","slug":"alcaldia-de-panama-clausura-programa-aprendo-a-nadar","status":"publish","type":"post","link":"https:\/\/sertv.gob.pa\/nacionalfm\/alcaldia-de-panama-clausura-programa-aprendo-a-nadar\/","title":{"rendered":"Alcald\u00eda de Panam\u00e1 clausura Programa Aprendo a Nadar"},"content":{"rendered":"<p>\nEl Programa Aprendo a Nadar 2016 del &ldquo;Verano Alcald\u00eda&rdquo; fue clausurado en una competencia realizada en una competencia en la Piscina de Pueblo Nuevo donde obtuvieron el primer lugar la ni\u00f1a Alanys Estrada en la categor\u00eda de los 6 a\u00f1os, modalidad tablita, en los 10-11 a\u00f1os el primer lugar en los 25 metros libres fue para el ni\u00f1o Francisco Canel\u00f3n. <\/p>\n<p>En Betania recibieron medalla de oro la ni\u00f1a Nadeish De Le\u00f3n, de plata, Marie Concepci\u00f3n y de bronce, Natalia D\u00edaz, en la categor\u00eda de 5-6 a\u00f1os, modalidad tablita. En esa misma categor\u00eda obtuvieron el primer lugar el ni\u00f1o Ricauter Mu\u00f1oz, segundo lugar Gill Douglas y tercer puesto Gabriel Lasso. <\/p>\n<p>Este curso fue dictado desde el 5 de enero hasta el 3 de febrero, de martes a viernes, con un horario por edad, desde las 8:00 a.m. hasta las 12:00 m.d., totalmente gratis. El objetivo era para que los ni\u00f1os aprovecharan las vacaciones de verano, para aprender a nadar, a compartir y para que conocieran m\u00e1s de la nataci\u00f3n que es una disciplina deportiva muy completa. <\/p>\n<p>Las clases de nataci\u00f3n fueron impartidas por grupos, de 6-7-8 a\u00f1os, 9-10-11 a\u00f1os, 12-13-14 a\u00f1os y 15-16-17 a\u00f1os. Para el resto del a\u00f1o se seguir\u00e1n dando clases de nataci\u00f3n. Las instalaciones est\u00e1n abiertas al p\u00fablico (ni\u00f1os, j\u00f3venes, adultos y tercera edad) de 6:00 de la ma\u00f1ana a 8:00 de la noche. <\/p>\n<p>Los requisitos son:Certificado de buena salud, 2 fotos tama\u00f1o carnet, certificado de nacimiento, guardar buen comportamiento, las ni\u00f1as vestido de ba\u00f1o entero, y pantal\u00f3n corto para los ni\u00f1os, lentes para nataci\u00f3n, gorra y bloqueador solar y cumplir con el reglamento de la piscina. <\/p>\n","protected":false},"excerpt":{"rendered":"<p>El Programa Aprendo a Nadar 2016 del &ldquo;Verano Alcald\u00eda&rdquo; fue <a href=\"https:\/\/sertv.gob.pa\/nacionalfm\/alcaldia-de-panama-clausura-programa-aprendo-a-nadar\/\"> [&#8230;]<\/a><\/p>\n","protected":false},"author":1,"featured_media":10486,"comment_status":"closed","ping_status":"closed","sticky":false,"template":"","format":"standard","meta":{"footnotes":""},"categories":[4],"tags":[],"class_list":["post-10485","post","type-post","status-publish","format-standard","has-post-thumbnail","hentry","category-deportes"],"_links":{"self":[{"href":"https:\/\/sertv.gob.pa\/nacionalfm\/wp-json\/wp\/v2\/posts\/10485","targetHints":{"allow":["GET"]}}],"collection":[{"href":"https:\/\/sertv.gob.pa\/nacionalfm\/wp-json\/wp\/v2\/posts"}],"about":[{"href":"https:\/\/sertv.gob.pa\/nacionalfm\/wp-json\/wp\/v2\/types\/post"}],"author":[{"embeddable":true,"href":"https:\/\/sertv.gob.pa\/nacionalfm\/wp-json\/wp\/v2\/users\/1"}],"replies":[{"embeddable":true,"href":"https:\/\/sertv.gob.pa\/nacionalfm\/wp-json\/wp\/v2\/comments?post=10485"}],"version-history":[{"count":0,"href":"https:\/\/sertv.gob.pa\/nacionalfm\/wp-json\/wp\/v2\/posts\/10485\/revisions"}],"wp:featuredmedia":[{"embeddable":true,"href":"https:\/\/sertv.gob.pa\/nacionalfm\/wp-json\/wp\/v2\/media\/10486"}],"wp:attachment":[{"href":"https:\/\/sertv.gob.pa\/nacionalfm\/wp-json\/wp\/v2\/media?parent=10485"}],"wp:term":[{"taxonomy":"category","embeddable":true,"href":"https:\/\/sertv.gob.pa\/nacionalfm\/wp-json\/wp\/v2\/categories?post=10485"},{"taxonomy":"post_tag","embeddable":true,"href":"https:\/\/sertv.gob.pa\/nacionalfm\/wp-json\/wp\/v2\/tags?post=10485"}],"curies":[{"name":"wp","href":"https:\/\/api.w.org\/{rel}","templated":true}]}}