{"id":10495,"date":"2016-02-04T20:01:00","date_gmt":"2016-02-04T20:01:00","guid":{"rendered":""},"modified":"2016-02-04T20:01:00","modified_gmt":"2016-02-04T20:01:00","slug":"el-bufalo-sanchez-disputa-titulo-plata-en-inglaterra","status":"publish","type":"post","link":"https:\/\/sertv.gob.pa\/nacionalfm\/el-bufalo-sanchez-disputa-titulo-plata-en-inglaterra\/","title":{"rendered":"\u201cEl B\u00fafalo\u201d S\u00e1nchez disputa t\u00edtulo plata en Inglaterra"},"content":{"rendered":"<p>\nEl p\u00fagil paname\u00f1o Jorge &ldquo;El B\u00fafalo&rdquo; S\u00e1nchez disputar\u00e1 el t\u00edtulo plata de los supergallos del Consejo Mundial de Boxeo, el pr\u00f3ximo 27 de febrero en Ia Manchester Arena de Inglaterra ante el ingl\u00e9s Gavin McDonell, inform\u00f3 el vicepresidente del Consejo Mundial de Boxeo, el licenciado Alberto Guerra. <\/p>\n<p>El combate formar\u00e1 parte de la cartilla en la que el pleito estelar ser\u00e1 la unificaci\u00f3n de los t\u00edtulos mundiales supergallo AMB y FIB entre los monarcas Scott Quigg y Carl Frampton. <\/p>\n<p>\u00abEl B\u00fafalo\u00bb S\u00e1nchez, de 25 a\u00f1os, est\u00e1 invicto en 15 encuentros, de los cuales nueve veces los ha acabado antes del l\u00edmite. <\/p>\n<p>Por su parte, Gavin McDonnell, de 29 a\u00f1os, tambi\u00e9n est\u00e1 invicto en 14 combates, aunque tiene dos empates. <\/p>\n<p>De sus 14 victorias, solo cuatro las ha terminado por nocaut. <\/p>\n<p>\u00a0 <\/p>\n","protected":false},"excerpt":{"rendered":"<p>El p\u00fagil paname\u00f1o Jorge &ldquo;El B\u00fafalo&rdquo; S\u00e1nchez disputar\u00e1 el t\u00edtulo <a href=\"https:\/\/sertv.gob.pa\/nacionalfm\/el-bufalo-sanchez-disputa-titulo-plata-en-inglaterra\/\"> [&#8230;]<\/a><\/p>\n","protected":false},"author":1,"featured_media":10496,"comment_status":"closed","ping_status":"closed","sticky":false,"template":"","format":"standard","meta":{"footnotes":""},"categories":[4],"tags":[],"class_list":["post-10495","post","type-post","status-publish","format-standard","has-post-thumbnail","hentry","category-deportes"],"_links":{"self":[{"href":"https:\/\/sertv.gob.pa\/nacionalfm\/wp-json\/wp\/v2\/posts\/10495","targetHints":{"allow":["GET"]}}],"collection":[{"href":"https:\/\/sertv.gob.pa\/nacionalfm\/wp-json\/wp\/v2\/posts"}],"about":[{"href":"https:\/\/sertv.gob.pa\/nacionalfm\/wp-json\/wp\/v2\/types\/post"}],"author":[{"embeddable":true,"href":"https:\/\/sertv.gob.pa\/nacionalfm\/wp-json\/wp\/v2\/users\/1"}],"replies":[{"embeddable":true,"href":"https:\/\/sertv.gob.pa\/nacionalfm\/wp-json\/wp\/v2\/comments?post=10495"}],"version-history":[{"count":0,"href":"https:\/\/sertv.gob.pa\/nacionalfm\/wp-json\/wp\/v2\/posts\/10495\/revisions"}],"wp:featuredmedia":[{"embeddable":true,"href":"https:\/\/sertv.gob.pa\/nacionalfm\/wp-json\/wp\/v2\/media\/10496"}],"wp:attachment":[{"href":"https:\/\/sertv.gob.pa\/nacionalfm\/wp-json\/wp\/v2\/media?parent=10495"}],"wp:term":[{"taxonomy":"category","embeddable":true,"href":"https:\/\/sertv.gob.pa\/nacionalfm\/wp-json\/wp\/v2\/categories?post=10495"},{"taxonomy":"post_tag","embeddable":true,"href":"https:\/\/sertv.gob.pa\/nacionalfm\/wp-json\/wp\/v2\/tags?post=10495"}],"curies":[{"name":"wp","href":"https:\/\/api.w.org\/{rel}","templated":true}]}}