{"id":105,"date":"2014-07-04T05:00:00","date_gmt":"2014-07-04T05:00:00","guid":{"rendered":""},"modified":"2014-07-04T05:00:00","modified_gmt":"2014-07-04T05:00:00","slug":"gobierno-movilizara-los-recursos-necesarios-presidente-varela","status":"publish","type":"post","link":"https:\/\/sertv.gob.pa\/nacionalfm\/gobierno-movilizara-los-recursos-necesarios-presidente-varela\/","title":{"rendered":"\u00abGobierno movilizar\u00e1 los recursos necesarios\u00bb, Presidente Varela"},"content":{"rendered":"<p>\nEl presidente de la Rep\u00fablica,  Juan Carlos Varela,  lleg\u00f3 a la regi\u00f3n de  Azuero \u00a0y dio la orden de comprar unas 50 mil cajas de botellas de agua para distribuir a los residentes de esa regi\u00f3n. <\/p>\n<p>Varela se reuni\u00f3 con las autoridades correspondientes en el\u00a0Centro de Operaciones de Emergencia de Sinaproc, en Herrera, donde\u00a0fue muy enf\u00e1tico y dijo,  \u00abEstamos aqu\u00ed para apoyar de manera firme a todos los moradores afectados con esta situaci\u00f3n; el Gobierno Nacional movilizar\u00e1 todos los recursos necesarios para nuestra gente recupere su tranquilidad\u00bb.  <\/p>\n<p>El mandatario en compa\u00f1\u00eda de las autoridades regionales y el director del  Sistema Nacional de Protecci\u00f3n Civil (Sinaproc), Jos\u00e9 Donderis,  efectuaron un recorrido por la planta potabilizadora de  Chitr\u00e9,  en la provincia de  Herrera.  <\/p>\n<p>M\u00e1s de 100 mil personas est\u00e1n sin agua en las provincias de  Los Santos y Herrera  luego que las autoridades prohibieran el consumo del agua de las  plantas La Villa y Chitr \u00e9, tras comprobarse la contaminaci\u00f3n del  r\u00edo La Villa  con un herbicida agr\u00edcola.\u00a0 @nacionalFm<br \/>\n\u00a0 <\/p>\n<p>\u00a0 <\/p>\n","protected":false},"excerpt":{"rendered":"<p>El presidente de la Rep\u00fablica, Juan Carlos Varela, lleg\u00f3 a <a href=\"https:\/\/sertv.gob.pa\/nacionalfm\/gobierno-movilizara-los-recursos-necesarios-presidente-varela\/\"> [&#8230;]<\/a><\/p>\n","protected":false},"author":1,"featured_media":106,"comment_status":"closed","ping_status":"closed","sticky":false,"template":"","format":"standard","meta":{"footnotes":""},"categories":[5],"tags":[],"class_list":["post-105","post","type-post","status-publish","format-standard","has-post-thumbnail","hentry","category-salud"],"_links":{"self":[{"href":"https:\/\/sertv.gob.pa\/nacionalfm\/wp-json\/wp\/v2\/posts\/105","targetHints":{"allow":["GET"]}}],"collection":[{"href":"https:\/\/sertv.gob.pa\/nacionalfm\/wp-json\/wp\/v2\/posts"}],"about":[{"href":"https:\/\/sertv.gob.pa\/nacionalfm\/wp-json\/wp\/v2\/types\/post"}],"author":[{"embeddable":true,"href":"https:\/\/sertv.gob.pa\/nacionalfm\/wp-json\/wp\/v2\/users\/1"}],"replies":[{"embeddable":true,"href":"https:\/\/sertv.gob.pa\/nacionalfm\/wp-json\/wp\/v2\/comments?post=105"}],"version-history":[{"count":0,"href":"https:\/\/sertv.gob.pa\/nacionalfm\/wp-json\/wp\/v2\/posts\/105\/revisions"}],"wp:featuredmedia":[{"embeddable":true,"href":"https:\/\/sertv.gob.pa\/nacionalfm\/wp-json\/wp\/v2\/media\/106"}],"wp:attachment":[{"href":"https:\/\/sertv.gob.pa\/nacionalfm\/wp-json\/wp\/v2\/media?parent=105"}],"wp:term":[{"taxonomy":"category","embeddable":true,"href":"https:\/\/sertv.gob.pa\/nacionalfm\/wp-json\/wp\/v2\/categories?post=105"},{"taxonomy":"post_tag","embeddable":true,"href":"https:\/\/sertv.gob.pa\/nacionalfm\/wp-json\/wp\/v2\/tags?post=105"}],"curies":[{"name":"wp","href":"https:\/\/api.w.org\/{rel}","templated":true}]}}