{"id":10503,"date":"2016-02-05T15:11:08","date_gmt":"2016-02-05T15:11:08","guid":{"rendered":""},"modified":"2016-02-05T15:11:08","modified_gmt":"2016-02-05T15:11:08","slug":"mlb-rechaza-permiso-a-panamenos-para-clasico-mundial-de-beisbol","status":"publish","type":"post","link":"https:\/\/sertv.gob.pa\/nacionalfm\/mlb-rechaza-permiso-a-panamenos-para-clasico-mundial-de-beisbol\/","title":{"rendered":"MLB rechaza permiso a paname\u00f1os para Cl\u00e1sico Mundial de B\u00e9isbol"},"content":{"rendered":"<p>\nA ocho peloteros \u00a0paname\u00f1os le rechazaron la autorizaci\u00f3n por parte de la Major League Baseball, para representar a Panam\u00e1 en la pr\u00f3xima eliminatoria al Cl\u00e1sico Mundial de B\u00e9isbol, seg\u00fan inform\u00f3 en su cuenta de Twirer el periodista de TVMax, David Salayand\u00eda. <\/p>\n<p>Entre los jugadores paname\u00f1os que no recibieron los permisos est\u00e1n los lanzadores Severino Gonz\u00e1lez (Filis de Filadelfia), Mariano Rivera hijo (Nacionales de Washington), Andy Otero (Bravos de Atlanta) y Enrique Burgos hijo (Diamondbacks de Arizona); los receptores Carlos Ru\u00edz (Filis) y Christian Bethancourt (Padres de San Diego); y el campocorto Rub\u00e9n Tejada (Mets de Nueva York). <\/p>\n<p>\u00a0 <\/p>\n","protected":false},"excerpt":{"rendered":"<p>A ocho peloteros \u00a0paname\u00f1os le rechazaron la autorizaci\u00f3n por parte <a href=\"https:\/\/sertv.gob.pa\/nacionalfm\/mlb-rechaza-permiso-a-panamenos-para-clasico-mundial-de-beisbol\/\"> [&#8230;]<\/a><\/p>\n","protected":false},"author":1,"featured_media":10504,"comment_status":"closed","ping_status":"closed","sticky":false,"template":"","format":"standard","meta":{"footnotes":""},"categories":[4],"tags":[],"class_list":["post-10503","post","type-post","status-publish","format-standard","has-post-thumbnail","hentry","category-deportes"],"_links":{"self":[{"href":"https:\/\/sertv.gob.pa\/nacionalfm\/wp-json\/wp\/v2\/posts\/10503","targetHints":{"allow":["GET"]}}],"collection":[{"href":"https:\/\/sertv.gob.pa\/nacionalfm\/wp-json\/wp\/v2\/posts"}],"about":[{"href":"https:\/\/sertv.gob.pa\/nacionalfm\/wp-json\/wp\/v2\/types\/post"}],"author":[{"embeddable":true,"href":"https:\/\/sertv.gob.pa\/nacionalfm\/wp-json\/wp\/v2\/users\/1"}],"replies":[{"embeddable":true,"href":"https:\/\/sertv.gob.pa\/nacionalfm\/wp-json\/wp\/v2\/comments?post=10503"}],"version-history":[{"count":0,"href":"https:\/\/sertv.gob.pa\/nacionalfm\/wp-json\/wp\/v2\/posts\/10503\/revisions"}],"wp:featuredmedia":[{"embeddable":true,"href":"https:\/\/sertv.gob.pa\/nacionalfm\/wp-json\/wp\/v2\/media\/10504"}],"wp:attachment":[{"href":"https:\/\/sertv.gob.pa\/nacionalfm\/wp-json\/wp\/v2\/media?parent=10503"}],"wp:term":[{"taxonomy":"category","embeddable":true,"href":"https:\/\/sertv.gob.pa\/nacionalfm\/wp-json\/wp\/v2\/categories?post=10503"},{"taxonomy":"post_tag","embeddable":true,"href":"https:\/\/sertv.gob.pa\/nacionalfm\/wp-json\/wp\/v2\/tags?post=10503"}],"curies":[{"name":"wp","href":"https:\/\/api.w.org\/{rel}","templated":true}]}}