{"id":105074,"date":"2025-03-18T10:45:38","date_gmt":"2025-03-18T15:45:38","guid":{"rendered":"https:\/\/sertv.gob.pa\/nacionalfm\/?p=105074"},"modified":"2025-03-18T10:45:38","modified_gmt":"2025-03-18T15:45:38","slug":"acciones-de-la-poblacion-claves-para-eliminar-criaderos-y-evitar-el-dengue","status":"publish","type":"post","link":"https:\/\/sertv.gob.pa\/nacionalfm\/acciones-de-la-poblacion-claves-para-eliminar-criaderos-y-evitar-el-dengue\/","title":{"rendered":"Acciones de la poblaci\u00f3n claves para eliminar criaderos y evitar el dengue"},"content":{"rendered":"<div class=\"fusion-fullwidth fullwidth-box fusion-builder-row-1 fusion-flex-container nonhundred-percent-fullwidth non-hundred-percent-height-scrolling\" style=\"--awb-border-radius-top-left:0px;--awb-border-radius-top-right:0px;--awb-border-radius-bottom-right:0px;--awb-border-radius-bottom-left:0px;--awb-flex-wrap:wrap;\" ><div class=\"fusion-builder-row fusion-row fusion-flex-align-items-flex-start fusion-flex-content-wrap\" style=\"max-width:1144px;margin-left: calc(-4% \/ 2 );margin-right: calc(-4% \/ 2 );\"><div class=\"fusion-layout-column fusion_builder_column fusion-builder-column-0 fusion_builder_column_1_1 1_1 fusion-flex-column\" style=\"--awb-bg-size:cover;--awb-width-large:100%;--awb-margin-top-large:0px;--awb-spacing-right-large:1.92%;--awb-margin-bottom-large:0px;--awb-spacing-left-large:1.92%;--awb-width-medium:100%;--awb-spacing-right-medium:1.92%;--awb-spacing-left-medium:1.92%;--awb-width-small:100%;--awb-spacing-right-small:1.92%;--awb-spacing-left-small:1.92%;\"><div class=\"fusion-column-wrapper fusion-flex-justify-content-flex-start fusion-content-layout-column\"><div class=\"fusion-text fusion-text-1\"><p>El Ministerio de Salud, a trav\u00e9s del Departamento de Epidemiolog\u00eda, informa que, hasta la semana epidemiol\u00f3gica N\u00b08 (16 al 22 de febrero de 2025), se registr\u00f3 un total de 2,809 casos acumulados de dengue a nivel nacional.<\/p>\n<p>De ese total, se reportan sin signos de alarmas 2,512; con signos de alarma 274 y casos graves 23.<\/p>\n<p>El informe, detall\u00f3 que, la Regi\u00f3n de San Miguelito encabeza la lista con 829 casos; seguido por la Regi\u00f3n Metropolitana con 574; Panam\u00e1 Norte con 342; Panam\u00e1 Oeste con 234; Los Santos con 219; Bocas del Toro con 142; Chiriqu\u00ed 102; la Regi\u00f3n de Veraguas 84 casos; le siguen Col\u00f3n con 78; Panam\u00e1 Este con 52; Herrera con 49; Dari\u00e9n con 46; Cocl\u00e9 36 casos; comarca Ng\u00e4be-Bugl\u00e9 con 20 casos; Kuna Yala con 2 casos. No se reportan casos en personas extranjeras.<\/p>\n<p>El MINSA, reiter\u00f3 a la poblaci\u00f3n la cooperaci\u00f3n en la eliminaci\u00f3n de criaderos de mosquitos para evitar enfermedades transmitidas por vectores.<\/p>\n<p><strong><em>Hospitalizaciones<\/em><\/strong><\/p>\n<p>Se han registrados hasta la fecha 229 pacientes que han requerido tratamiento intrahospitalario.<\/p>\n<p><strong><em>Defunciones<\/em><\/strong><\/p>\n<p>El MINSA, indic\u00f3 que, se registran tres (3) defunciones en lo que va del 2025, que corresponden uno (1) a la Regi\u00f3n de Salud de Panam\u00e1 Este, uno (1) en Panam\u00e1 Oeste y se actualiza una (1), correspondiente a la Regi\u00f3n de Chiriqu\u00ed.<\/p>\n<p>De acuerdo con el informe, la tasa de incidencia nacional en la semana epidemiol\u00f3gica n\u00famero 8 del 2025 es de 61.5 casos por 100 mil habitantes.<\/p>\n<p>El MINSA informa que, los operativos para reducir los casos de dengue se intensifican en todas las regiones de salud a trav\u00e9s de los equipos de control de vectores.<\/p>\n<p><strong><em>Al mismo tiempo, reitera a las personas el apoyo en la concientizaci\u00f3n de la eliminaci\u00f3n de todos los criaderos del mosquito, alrededor y dentro de las viviendas, con el prop\u00f3sito de evitar la transmisi\u00f3n del dengue, Zika, Chikungunya y cualquier otra enfermedad transmitida por mosquitos.<\/em><\/strong><\/p>\n<p><strong>Entre los principales s\u00edntomas por dengue se encuentran: fiebre, dolor de cabeza, malestar general, dolores en los m\u00fasculos y dolor ocular.<\/strong><\/p>\n<p><strong>El dengue es una enfermedad grave y potencialmente mortal, transmitida a trav\u00e9s de la picadura del mosquito de la especie Aedes aegypti<\/strong><\/p>\n<p>Fuente: MINSA<\/p>\n<\/div><div class=\"awb-gallery-wrapper awb-gallery-wrapper-1 button-span-no\" style=\"--more-btn-alignment:center;\"><div style=\"margin:-5px;--awb-bordersize:0px;\" class=\"fusion-gallery fusion-gallery-container fusion-grid-3 fusion-columns-total-3 fusion-gallery-layout-grid fusion-gallery-1\"><div style=\"padding:5px;\" class=\"fusion-grid-column fusion-gallery-column fusion-gallery-column-3 hover-type-none\"><div class=\"fusion-gallery-image\"><a href=\"https:\/\/sertv.gob.pa\/nacionalfm\/wp-content\/uploads\/sites\/6\/2025\/03\/ACCIONES-DENGUE-2.jpeg\" rel=\"noreferrer\" data-rel=\"iLightbox[gallery_image_1]\" class=\"fusion-lightbox\" target=\"_self\"><img decoding=\"async\" src=\"https:\/\/sertv.gob.pa\/nacionalfm\/wp-content\/uploads\/sites\/6\/2025\/03\/ACCIONES-DENGUE-2.jpeg\" width=\"600\" height=\"400\" alt=\"\" title=\"ACCIONES DENGUE 2\" aria-label=\"ACCIONES DENGUE 2\" class=\"img-responsive wp-image-105076\" srcset=\"https:\/\/sertv.gob.pa\/nacionalfm\/wp-content\/uploads\/sites\/6\/2025\/03\/ACCIONES-DENGUE-2-200x133.jpeg 200w, https:\/\/sertv.gob.pa\/nacionalfm\/wp-content\/uploads\/sites\/6\/2025\/03\/ACCIONES-DENGUE-2-400x267.jpeg 400w, https:\/\/sertv.gob.pa\/nacionalfm\/wp-content\/uploads\/sites\/6\/2025\/03\/ACCIONES-DENGUE-2.jpeg 600w\" sizes=\"(min-width: 2200px) 100vw, (min-width: 784px) 363px, (min-width: 712px) 545px, (min-width: 640px) 712px, \" \/><\/a><\/div><\/div><div style=\"padding:5px;\" class=\"fusion-grid-column fusion-gallery-column fusion-gallery-column-3 hover-type-none\"><div class=\"fusion-gallery-image\"><a href=\"https:\/\/sertv.gob.pa\/nacionalfm\/wp-content\/uploads\/sites\/6\/2025\/03\/ACCIONES-DENGUE-1.jpeg\" rel=\"noreferrer\" data-rel=\"iLightbox[gallery_image_1]\" class=\"fusion-lightbox\" target=\"_self\"><img decoding=\"async\" src=\"https:\/\/sertv.gob.pa\/nacionalfm\/wp-content\/uploads\/sites\/6\/2025\/03\/ACCIONES-DENGUE-1.jpeg\" width=\"600\" height=\"400\" alt=\"\" title=\"ACCIONES DENGUE 1\" aria-label=\"ACCIONES DENGUE 1\" class=\"img-responsive wp-image-105077\" srcset=\"https:\/\/sertv.gob.pa\/nacionalfm\/wp-content\/uploads\/sites\/6\/2025\/03\/ACCIONES-DENGUE-1-200x133.jpeg 200w, https:\/\/sertv.gob.pa\/nacionalfm\/wp-content\/uploads\/sites\/6\/2025\/03\/ACCIONES-DENGUE-1-400x267.jpeg 400w, https:\/\/sertv.gob.pa\/nacionalfm\/wp-content\/uploads\/sites\/6\/2025\/03\/ACCIONES-DENGUE-1.jpeg 600w\" sizes=\"(min-width: 2200px) 100vw, (min-width: 784px) 363px, (min-width: 712px) 545px, (min-width: 640px) 712px, \" \/><\/a><\/div><\/div><div style=\"padding:5px;\" class=\"fusion-grid-column fusion-gallery-column fusion-gallery-column-3 hover-type-none\"><div class=\"fusion-gallery-image\"><a rel=\"noreferrer\" data-rel=\"iLightbox[gallery_image_1]\" class=\"fusion-lightbox\" target=\"_self\"><img decoding=\"async\" src=\"\" width=\"\" height=\"\" alt=\"\" title=\"\" aria-label=\"\" class=\"img-responsive wp-image-\"  \/><\/a><\/div><\/div><div class=\"clearfix\"><\/div><\/div><\/div><\/div><\/div><\/div><\/div>\n","protected":false},"excerpt":{"rendered":"","protected":false},"author":9,"featured_media":105075,"comment_status":"closed","ping_status":"closed","sticky":false,"template":"","format":"standard","meta":{"footnotes":""},"categories":[5],"tags":[],"class_list":["post-105074","post","type-post","status-publish","format-standard","has-post-thumbnail","hentry","category-salud"],"_links":{"self":[{"href":"https:\/\/sertv.gob.pa\/nacionalfm\/wp-json\/wp\/v2\/posts\/105074","targetHints":{"allow":["GET"]}}],"collection":[{"href":"https:\/\/sertv.gob.pa\/nacionalfm\/wp-json\/wp\/v2\/posts"}],"about":[{"href":"https:\/\/sertv.gob.pa\/nacionalfm\/wp-json\/wp\/v2\/types\/post"}],"author":[{"embeddable":true,"href":"https:\/\/sertv.gob.pa\/nacionalfm\/wp-json\/wp\/v2\/users\/9"}],"replies":[{"embeddable":true,"href":"https:\/\/sertv.gob.pa\/nacionalfm\/wp-json\/wp\/v2\/comments?post=105074"}],"version-history":[{"count":1,"href":"https:\/\/sertv.gob.pa\/nacionalfm\/wp-json\/wp\/v2\/posts\/105074\/revisions"}],"predecessor-version":[{"id":105078,"href":"https:\/\/sertv.gob.pa\/nacionalfm\/wp-json\/wp\/v2\/posts\/105074\/revisions\/105078"}],"wp:featuredmedia":[{"embeddable":true,"href":"https:\/\/sertv.gob.pa\/nacionalfm\/wp-json\/wp\/v2\/media\/105075"}],"wp:attachment":[{"href":"https:\/\/sertv.gob.pa\/nacionalfm\/wp-json\/wp\/v2\/media?parent=105074"}],"wp:term":[{"taxonomy":"category","embeddable":true,"href":"https:\/\/sertv.gob.pa\/nacionalfm\/wp-json\/wp\/v2\/categories?post=105074"},{"taxonomy":"post_tag","embeddable":true,"href":"https:\/\/sertv.gob.pa\/nacionalfm\/wp-json\/wp\/v2\/tags?post=105074"}],"curies":[{"name":"wp","href":"https:\/\/api.w.org\/{rel}","templated":true}]}}