{"id":10509,"date":"2016-02-05T15:31:10","date_gmt":"2016-02-05T15:31:10","guid":{"rendered":""},"modified":"2016-02-05T15:31:10","modified_gmt":"2016-02-05T15:31:10","slug":"acceso-a-anticonceptivos-y-al-aborto-por-el-virus-zika","status":"publish","type":"post","link":"https:\/\/sertv.gob.pa\/nacionalfm\/acceso-a-anticonceptivos-y-al-aborto-por-el-virus-zika\/","title":{"rendered":"Acceso a anticonceptivos y al aborto por el virus Zika"},"content":{"rendered":"<p>\nLa  ONU \u00a0inst\u00f3 el viernes a los pa\u00edses afectados por  el virus del zika , probable causante de graves malformaciones cong\u00e9nitas, a poner a disposici\u00f3n de las mujeres m\u00e9todos anticonceptivos y a autorizar la interrupci\u00f3n de los embarazos.\u00a0 <\/p>\n<p>\u00ab\u00bfC\u00f3mo pueden esos pa\u00edses pedirles a las mujeres que eviten quedar embarazadas, pero no ofrecerles (&#8230;) la posibilidad de impedir los embarazos?\u00bb, se pregunt\u00f3 la portavoz de la Oficina del Alto Comisionado de la ONU para los Derechos Humanos, C\u00e9cile Pouilly, en referencia a legislaciones restrictivas en pa\u00edses de  Am\u00e9rica Latina  donde el virus del zika se propaga velozmente. <\/p>\n<p>\u00abClaramente, la propagaci\u00f3n del zika es un gran desaf\u00edo para los pa\u00edses de  Am\u00e9rica Latina \u00ab, indic\u00f3 por su lado en un comunicado el Alto Comisionado de Derechos Humanos, Zeid Ra&#8217;ad al-Hussein. <\/p>\n<p>\u00abSin embargo, el consejo dado por algunos gobiernos a las mujeres para que eviten los embarazos ignora que muchas mujeres y ni\u00f1as no tienen ning\u00fan control sobre el momento o las circunstancias en las que pueden quedar embarazadas, especialmente en \u00e1mbitos donde la violencia sexual es bastante habitual\u00bb, a\u00f1adi\u00f3. <\/p>\n<p>La  Organizaci\u00f3n Mundial de la Salud  (OMS)  declar\u00f3 esta semana una situaci\u00f3n de \u00abemergencia sanitaria internacional\u00bb , ante la fuerte sospecha de que el zika sea el causante de la multiplicaci\u00f3n alarmante en Am\u00e9rica Latina de casos de microcefalia, una malformaci\u00f3n cong\u00e9nita en ni\u00f1os que nacen con una cabeza y un cerebro anormalmente peque\u00f1os. <\/p>\n<p>Varios pa\u00edses del hemisferio pidieron a las mujeres postergar los embarazos, ante el riesgo de contagiarse con el virus, propagado por el mosquito  Aedes aegypti . <\/p>\n<p>\u00a0 <\/p>\n","protected":false},"excerpt":{"rendered":"<p>La ONU \u00a0inst\u00f3 el viernes a los pa\u00edses afectados por <a href=\"https:\/\/sertv.gob.pa\/nacionalfm\/acceso-a-anticonceptivos-y-al-aborto-por-el-virus-zika\/\"> [&#8230;]<\/a><\/p>\n","protected":false},"author":1,"featured_media":10510,"comment_status":"closed","ping_status":"closed","sticky":false,"template":"","format":"standard","meta":{"footnotes":""},"categories":[5],"tags":[],"class_list":["post-10509","post","type-post","status-publish","format-standard","has-post-thumbnail","hentry","category-salud"],"_links":{"self":[{"href":"https:\/\/sertv.gob.pa\/nacionalfm\/wp-json\/wp\/v2\/posts\/10509","targetHints":{"allow":["GET"]}}],"collection":[{"href":"https:\/\/sertv.gob.pa\/nacionalfm\/wp-json\/wp\/v2\/posts"}],"about":[{"href":"https:\/\/sertv.gob.pa\/nacionalfm\/wp-json\/wp\/v2\/types\/post"}],"author":[{"embeddable":true,"href":"https:\/\/sertv.gob.pa\/nacionalfm\/wp-json\/wp\/v2\/users\/1"}],"replies":[{"embeddable":true,"href":"https:\/\/sertv.gob.pa\/nacionalfm\/wp-json\/wp\/v2\/comments?post=10509"}],"version-history":[{"count":0,"href":"https:\/\/sertv.gob.pa\/nacionalfm\/wp-json\/wp\/v2\/posts\/10509\/revisions"}],"wp:featuredmedia":[{"embeddable":true,"href":"https:\/\/sertv.gob.pa\/nacionalfm\/wp-json\/wp\/v2\/media\/10510"}],"wp:attachment":[{"href":"https:\/\/sertv.gob.pa\/nacionalfm\/wp-json\/wp\/v2\/media?parent=10509"}],"wp:term":[{"taxonomy":"category","embeddable":true,"href":"https:\/\/sertv.gob.pa\/nacionalfm\/wp-json\/wp\/v2\/categories?post=10509"},{"taxonomy":"post_tag","embeddable":true,"href":"https:\/\/sertv.gob.pa\/nacionalfm\/wp-json\/wp\/v2\/tags?post=10509"}],"curies":[{"name":"wp","href":"https:\/\/api.w.org\/{rel}","templated":true}]}}