{"id":10513,"date":"2016-02-05T16:03:23","date_gmt":"2016-02-05T16:03:23","guid":{"rendered":""},"modified":"2016-02-05T16:03:23","modified_gmt":"2016-02-05T16:03:23","slug":"panama-asciende-cinco-escanos-en-clasificacion-fifa","status":"publish","type":"post","link":"https:\/\/sertv.gob.pa\/nacionalfm\/panama-asciende-cinco-escanos-en-clasificacion-fifa\/","title":{"rendered":"Panam\u00e1 asciende cinco esca\u00f1os en clasificaci\u00f3n FIFA"},"content":{"rendered":"<p>\nLa Selecci\u00f3n Nacional de F\u00fatbol de Panam\u00e1 ascendi\u00f3 a la posici\u00f3n n\u00famero 60 en la clasificaci\u00f3n de FIFA, en lista ofrecida este jueves por el \u00f3rgano rector del f\u00fatbol mundial. <\/p>\n<p>En otros aspectos, la clasificaci\u00f3n FIFA permanece sin modificaciones en sus primeros puestos, con B\u00e9lgica al frente de la misma, escoltada por Argentina y Espa\u00f1a. <\/p>\n<p>La ausencia de cambios se debe al hecho de que ninguna de las 20 primeras selecciones ha disputado ning\u00fan partido en el mes de enero. <\/p>\n<p>Turqu\u00eda ingresa en el top-20 en detrimento de Costa de Marfil, que cae nueve posiciones.\u00a0 <\/p>\n<p>Por su parte, Hungr\u00eda (19\u00aa) vive su mejor clasificaci\u00f3n desde que se instaurase el vigente sistema de puntuaci\u00f3n en 1993. <\/p>\n<p>\u00a0 <\/p>\n","protected":false},"excerpt":{"rendered":"<p>La Selecci\u00f3n Nacional de F\u00fatbol de Panam\u00e1 ascendi\u00f3 a la <a href=\"https:\/\/sertv.gob.pa\/nacionalfm\/panama-asciende-cinco-escanos-en-clasificacion-fifa\/\"> [&#8230;]<\/a><\/p>\n","protected":false},"author":1,"featured_media":10514,"comment_status":"closed","ping_status":"closed","sticky":false,"template":"","format":"standard","meta":{"footnotes":""},"categories":[4],"tags":[],"class_list":["post-10513","post","type-post","status-publish","format-standard","has-post-thumbnail","hentry","category-deportes"],"_links":{"self":[{"href":"https:\/\/sertv.gob.pa\/nacionalfm\/wp-json\/wp\/v2\/posts\/10513","targetHints":{"allow":["GET"]}}],"collection":[{"href":"https:\/\/sertv.gob.pa\/nacionalfm\/wp-json\/wp\/v2\/posts"}],"about":[{"href":"https:\/\/sertv.gob.pa\/nacionalfm\/wp-json\/wp\/v2\/types\/post"}],"author":[{"embeddable":true,"href":"https:\/\/sertv.gob.pa\/nacionalfm\/wp-json\/wp\/v2\/users\/1"}],"replies":[{"embeddable":true,"href":"https:\/\/sertv.gob.pa\/nacionalfm\/wp-json\/wp\/v2\/comments?post=10513"}],"version-history":[{"count":0,"href":"https:\/\/sertv.gob.pa\/nacionalfm\/wp-json\/wp\/v2\/posts\/10513\/revisions"}],"wp:featuredmedia":[{"embeddable":true,"href":"https:\/\/sertv.gob.pa\/nacionalfm\/wp-json\/wp\/v2\/media\/10514"}],"wp:attachment":[{"href":"https:\/\/sertv.gob.pa\/nacionalfm\/wp-json\/wp\/v2\/media?parent=10513"}],"wp:term":[{"taxonomy":"category","embeddable":true,"href":"https:\/\/sertv.gob.pa\/nacionalfm\/wp-json\/wp\/v2\/categories?post=10513"},{"taxonomy":"post_tag","embeddable":true,"href":"https:\/\/sertv.gob.pa\/nacionalfm\/wp-json\/wp\/v2\/tags?post=10513"}],"curies":[{"name":"wp","href":"https:\/\/api.w.org\/{rel}","templated":true}]}}