{"id":105234,"date":"2025-03-20T11:00:44","date_gmt":"2025-03-20T16:00:44","guid":{"rendered":"https:\/\/sertv.gob.pa\/nacionalfm\/?p=105234"},"modified":"2025-03-20T11:00:44","modified_gmt":"2025-03-20T16:00:44","slug":"especialistas-en-estimulacion-temprana-reciben-docencia","status":"publish","type":"post","link":"https:\/\/sertv.gob.pa\/nacionalfm\/especialistas-en-estimulacion-temprana-reciben-docencia\/","title":{"rendered":"Especialistas en Estimulaci\u00f3n Temprana reciben docencia"},"content":{"rendered":"<p><em><strong>Como parte fundamental del proceso de innovaci\u00f3n y fortalecimiento en la atenci\u00f3n de los ni\u00f1os que reciben los servicios del Instituto Paname\u00f1o de Habilitaci\u00f3n Especial (IPHE), profesionales en Estimulaci\u00f3n Temprana y Orientaci\u00f3n al Hogar (ETOF) de la regi\u00f3n de Panam\u00e1 Centro, llevaron a cabo,\u00a0 su reuni\u00f3n mensual de planificaci\u00f3n.<\/strong><\/em><\/p>\n<p><strong>Durante el encuentro, los especialistas en el servicio de ETOF, coordinaron acciones orientadas a la detecci\u00f3n, evaluaci\u00f3n y estimulaci\u00f3n adecuada y oportuna. Adem\u00e1s, se abordaron las entrevistas con los padres o cuidadores, quienes aportan informaci\u00f3n relevante sobre los antecedentes prenatales del ni\u00f1o y su entorno familiar y social. Esto permite evaluar con precisi\u00f3n sus destrezas y habilidades para intervenir con la estimulaci\u00f3n adecuada, favoreciendo un desarrollo acorde a su edad.<\/strong><\/p>\n<p><strong>En la jornada, las licenciadas Luc\u00eda Gonz\u00e1lez y Dorian G\u00f3mez, representantes de Medical Craneal Center, centro especializado en el tratamiento de plagiocefalia posicional, braquicefalia, escafocefalia y otras deformidades craneales en beb\u00e9s, ofrecieron una docencia. Durante la sesi\u00f3n, explicaron a los especialistas en estimulaci\u00f3n temprana, el servicio que brinda la empresa, el funcionamiento del programa de correcci\u00f3n craneal y los beneficios que este tratamiento puede aportar a los infantes.<\/strong><\/p>\n<p>&nbsp;<\/p>\n<p>Fuente: IPHE<\/p>\n<p>&nbsp;<\/p>\n","protected":false},"excerpt":{"rendered":"<p>Como parte fundamental del proceso de innovaci\u00f3n y fortalecimiento en <a href=\"https:\/\/sertv.gob.pa\/nacionalfm\/especialistas-en-estimulacion-temprana-reciben-docencia\/\"> [&#8230;]<\/a><\/p>\n","protected":false},"author":9,"featured_media":105235,"comment_status":"closed","ping_status":"closed","sticky":false,"template":"","format":"standard","meta":{"footnotes":""},"categories":[5],"tags":[],"class_list":["post-105234","post","type-post","status-publish","format-standard","has-post-thumbnail","hentry","category-salud"],"_links":{"self":[{"href":"https:\/\/sertv.gob.pa\/nacionalfm\/wp-json\/wp\/v2\/posts\/105234","targetHints":{"allow":["GET"]}}],"collection":[{"href":"https:\/\/sertv.gob.pa\/nacionalfm\/wp-json\/wp\/v2\/posts"}],"about":[{"href":"https:\/\/sertv.gob.pa\/nacionalfm\/wp-json\/wp\/v2\/types\/post"}],"author":[{"embeddable":true,"href":"https:\/\/sertv.gob.pa\/nacionalfm\/wp-json\/wp\/v2\/users\/9"}],"replies":[{"embeddable":true,"href":"https:\/\/sertv.gob.pa\/nacionalfm\/wp-json\/wp\/v2\/comments?post=105234"}],"version-history":[{"count":1,"href":"https:\/\/sertv.gob.pa\/nacionalfm\/wp-json\/wp\/v2\/posts\/105234\/revisions"}],"predecessor-version":[{"id":105236,"href":"https:\/\/sertv.gob.pa\/nacionalfm\/wp-json\/wp\/v2\/posts\/105234\/revisions\/105236"}],"wp:featuredmedia":[{"embeddable":true,"href":"https:\/\/sertv.gob.pa\/nacionalfm\/wp-json\/wp\/v2\/media\/105235"}],"wp:attachment":[{"href":"https:\/\/sertv.gob.pa\/nacionalfm\/wp-json\/wp\/v2\/media?parent=105234"}],"wp:term":[{"taxonomy":"category","embeddable":true,"href":"https:\/\/sertv.gob.pa\/nacionalfm\/wp-json\/wp\/v2\/categories?post=105234"},{"taxonomy":"post_tag","embeddable":true,"href":"https:\/\/sertv.gob.pa\/nacionalfm\/wp-json\/wp\/v2\/tags?post=105234"}],"curies":[{"name":"wp","href":"https:\/\/api.w.org\/{rel}","templated":true}]}}