{"id":105367,"date":"2025-03-24T12:31:46","date_gmt":"2025-03-24T17:31:46","guid":{"rendered":"https:\/\/sertv.gob.pa\/nacionalfm\/?p=105367"},"modified":"2025-03-24T12:31:46","modified_gmt":"2025-03-24T17:31:46","slug":"minsa-y-municipio-de-changuinola-realizan-acciones-contra-el-dengue","status":"publish","type":"post","link":"https:\/\/sertv.gob.pa\/nacionalfm\/minsa-y-municipio-de-changuinola-realizan-acciones-contra-el-dengue\/","title":{"rendered":"MINSA y Municipio de Changuinola realizan acciones contra el dengue"},"content":{"rendered":"<p><em><strong>El equipo de Promoci\u00f3n de la Salud de la regional de Bocas del Toro, junto a colaboradores del Municipio de Changuinola, firman acuerdo de mutua cooperaci\u00f3n en las campa\u00f1as de la eliminaci\u00f3n de criaderos del mosquito Aedes Aegypti transmisor de dengue.<\/strong><\/em><\/p>\n<p><strong>Por tal raz\u00f3n, se realiz\u00f3 una jornada de limpieza en el corregimiento de Finca #4, con perifoneo, entrega de material educativo y orientaci\u00f3n a los residentes de las comunidades aleda\u00f1as.<\/strong><\/p>\n<p><strong>Estas intervenciones se continuar\u00e1n realizando en otras comunidades del distrito de Changuinola, con el objetivo de concientizar a las personas la importancia de eliminar los criaderos potenciales del mosquito de sus hogares.<\/strong><\/p>\n<p>&nbsp;<\/p>\n<p>Fuente: MINSA<\/p>\n","protected":false},"excerpt":{"rendered":"<p>El equipo de Promoci\u00f3n de la Salud de la regional <a href=\"https:\/\/sertv.gob.pa\/nacionalfm\/minsa-y-municipio-de-changuinola-realizan-acciones-contra-el-dengue\/\"> [&#8230;]<\/a><\/p>\n","protected":false},"author":9,"featured_media":105368,"comment_status":"closed","ping_status":"closed","sticky":false,"template":"","format":"standard","meta":{"footnotes":""},"categories":[5],"tags":[],"class_list":["post-105367","post","type-post","status-publish","format-standard","has-post-thumbnail","hentry","category-salud"],"_links":{"self":[{"href":"https:\/\/sertv.gob.pa\/nacionalfm\/wp-json\/wp\/v2\/posts\/105367","targetHints":{"allow":["GET"]}}],"collection":[{"href":"https:\/\/sertv.gob.pa\/nacionalfm\/wp-json\/wp\/v2\/posts"}],"about":[{"href":"https:\/\/sertv.gob.pa\/nacionalfm\/wp-json\/wp\/v2\/types\/post"}],"author":[{"embeddable":true,"href":"https:\/\/sertv.gob.pa\/nacionalfm\/wp-json\/wp\/v2\/users\/9"}],"replies":[{"embeddable":true,"href":"https:\/\/sertv.gob.pa\/nacionalfm\/wp-json\/wp\/v2\/comments?post=105367"}],"version-history":[{"count":1,"href":"https:\/\/sertv.gob.pa\/nacionalfm\/wp-json\/wp\/v2\/posts\/105367\/revisions"}],"predecessor-version":[{"id":105369,"href":"https:\/\/sertv.gob.pa\/nacionalfm\/wp-json\/wp\/v2\/posts\/105367\/revisions\/105369"}],"wp:featuredmedia":[{"embeddable":true,"href":"https:\/\/sertv.gob.pa\/nacionalfm\/wp-json\/wp\/v2\/media\/105368"}],"wp:attachment":[{"href":"https:\/\/sertv.gob.pa\/nacionalfm\/wp-json\/wp\/v2\/media?parent=105367"}],"wp:term":[{"taxonomy":"category","embeddable":true,"href":"https:\/\/sertv.gob.pa\/nacionalfm\/wp-json\/wp\/v2\/categories?post=105367"},{"taxonomy":"post_tag","embeddable":true,"href":"https:\/\/sertv.gob.pa\/nacionalfm\/wp-json\/wp\/v2\/tags?post=105367"}],"curies":[{"name":"wp","href":"https:\/\/api.w.org\/{rel}","templated":true}]}}