{"id":105412,"date":"2025-03-25T12:45:42","date_gmt":"2025-03-25T17:45:42","guid":{"rendered":"https:\/\/sertv.gob.pa\/nacionalfm\/?p=105412"},"modified":"2025-03-25T12:45:42","modified_gmt":"2025-03-25T17:45:42","slug":"dialogan-para-resolver-problematica-de-la-basura-en-los-rios-chagres-y-chilibre","status":"publish","type":"post","link":"https:\/\/sertv.gob.pa\/nacionalfm\/dialogan-para-resolver-problematica-de-la-basura-en-los-rios-chagres-y-chilibre\/","title":{"rendered":"Dialogan para resolver problem\u00e1tica de la basura en los r\u00edos Chagres y Chilibre"},"content":{"rendered":"<p><em><strong>Con el objetivo de trazar un plan de acciones ambientales para la recolecci\u00f3n y contenci\u00f3n de los desechos domiciliarios que afectan al rio Chilibre y que luego desembocan en el rio Chagres, la Direcci\u00f3n Regional del Ministerio de Ambiente (MiAMBIENTE) en Panam\u00e1 Norte, llev\u00f3 a cabo recientemente, una reuni\u00f3n donde participaron representantes de las juntas comunales de Chilibre y Chagres.<\/strong><\/em><\/p>\n<p><strong>Este di\u00e1logo, responde a los operativos en lancha en recorrido por el rio Chagres y Chilibre, para determinar la gran cantidad de desperdicios que flotan en las aguas de estas fuentes h\u00eddricas y que, de no tomar medidas urgentes, puede traer consecuencias perjudiciales no solo a las comunidades aleda\u00f1as, sino para el pa\u00eds.<\/strong><\/p>\n<p><strong>Esta jornada, liderada por Pedro Garay, director regional, tambi\u00e9n participaron miembros del consejo consultivo Chagres-Alhajuela, de la Autoridad del Canal de Panam\u00e1 y de la empresa Pronto Aseo.<\/strong><\/p>\n<p>Fuente: MiAMBIENTE<\/p>\n","protected":false},"excerpt":{"rendered":"<p>Con el objetivo de trazar un plan de acciones ambientales <a href=\"https:\/\/sertv.gob.pa\/nacionalfm\/dialogan-para-resolver-problematica-de-la-basura-en-los-rios-chagres-y-chilibre\/\"> [&#8230;]<\/a><\/p>\n","protected":false},"author":9,"featured_media":105413,"comment_status":"closed","ping_status":"closed","sticky":false,"template":"","format":"standard","meta":{"footnotes":""},"categories":[5],"tags":[],"class_list":["post-105412","post","type-post","status-publish","format-standard","has-post-thumbnail","hentry","category-salud"],"_links":{"self":[{"href":"https:\/\/sertv.gob.pa\/nacionalfm\/wp-json\/wp\/v2\/posts\/105412","targetHints":{"allow":["GET"]}}],"collection":[{"href":"https:\/\/sertv.gob.pa\/nacionalfm\/wp-json\/wp\/v2\/posts"}],"about":[{"href":"https:\/\/sertv.gob.pa\/nacionalfm\/wp-json\/wp\/v2\/types\/post"}],"author":[{"embeddable":true,"href":"https:\/\/sertv.gob.pa\/nacionalfm\/wp-json\/wp\/v2\/users\/9"}],"replies":[{"embeddable":true,"href":"https:\/\/sertv.gob.pa\/nacionalfm\/wp-json\/wp\/v2\/comments?post=105412"}],"version-history":[{"count":1,"href":"https:\/\/sertv.gob.pa\/nacionalfm\/wp-json\/wp\/v2\/posts\/105412\/revisions"}],"predecessor-version":[{"id":105414,"href":"https:\/\/sertv.gob.pa\/nacionalfm\/wp-json\/wp\/v2\/posts\/105412\/revisions\/105414"}],"wp:featuredmedia":[{"embeddable":true,"href":"https:\/\/sertv.gob.pa\/nacionalfm\/wp-json\/wp\/v2\/media\/105413"}],"wp:attachment":[{"href":"https:\/\/sertv.gob.pa\/nacionalfm\/wp-json\/wp\/v2\/media?parent=105412"}],"wp:term":[{"taxonomy":"category","embeddable":true,"href":"https:\/\/sertv.gob.pa\/nacionalfm\/wp-json\/wp\/v2\/categories?post=105412"},{"taxonomy":"post_tag","embeddable":true,"href":"https:\/\/sertv.gob.pa\/nacionalfm\/wp-json\/wp\/v2\/tags?post=105412"}],"curies":[{"name":"wp","href":"https:\/\/api.w.org\/{rel}","templated":true}]}}