{"id":105525,"date":"2025-03-27T11:53:57","date_gmt":"2025-03-27T16:53:57","guid":{"rendered":"https:\/\/sertv.gob.pa\/nacionalfm\/?p=105525"},"modified":"2025-03-27T11:53:57","modified_gmt":"2025-03-27T16:53:57","slug":"refuerzan-equipos-de-salud-sobre-enfermedades-renales","status":"publish","type":"post","link":"https:\/\/sertv.gob.pa\/nacionalfm\/refuerzan-equipos-de-salud-sobre-enfermedades-renales\/","title":{"rendered":"Refuerzan equipos de salud sobre enfermedades renales"},"content":{"rendered":"<p><em><strong>M\u00e9dicos y enfermeras involucrados en la red primaria de atenci\u00f3n del Ministerio de Salud de Panam\u00e1, son capacitados sobre prevenci\u00f3n, diagn\u00f3stico y manejo de enfermedades cr\u00f3nicas u otra condici\u00f3n, que puedan afectar de manera permanente la funci\u00f3n de los ri\u00f1ones.<\/strong><\/em><\/p>\n<p><strong>La jefa nacional de Capacitaci\u00f3n, Dra. Mayra Abud, indic\u00f3 que, la incidencia de enfermedad renal cr\u00f3nica (ERC), demanda el fortalecimiento del personal t\u00e9cnico del primer nivel de atenci\u00f3n, sobre diagn\u00f3stico y manejo de hipertensi\u00f3n arterial, diabetes y otros padecimientos que aumentan el riesgo de padecerla.<\/strong><\/p>\n<p><strong>\u201cUna alimentaci\u00f3n adecuada, el ejercicio f\u00edsico, la ingesta abundante de agua, y no consumir ning\u00fan tipo de sustancia adictiva, disminuir\u00e1 los riesgos de padecer estas y otras enfermedades\u201d, declar\u00f3 Abud.<\/strong><\/p>\n<p><strong>El jefe regional de Salud de Adultos, Dr. Ram\u00f3n Castillo, indic\u00f3 que, aproximadamente el 15 % de los adultos residentes en Chiriqu\u00ed sufre de hipertensi\u00f3n arterial, la mayor causa de ERC, seguidos de la diabetes y la obesidad.<\/strong><\/p>\n<p><strong>\u201cMuchas personas desconocen que son hipertensos; algunas diagnosticadas no reciben tratamiento; y otras no mantienen el control de esta enfermedad\u201d, manifest\u00f3 Castillo; quien advirti\u00f3 que, a partir de los 40 a\u00f1os, una vez al a\u00f1o debe medirse la presi\u00f3n arterial.<\/strong><\/p>\n<p><strong>La incidencia de la ECR en Panam\u00e1, actualmente es considerada un grave problema de salud p\u00fablica ; ya que tiende a rebasar la capacidad de las salas de hemodi\u00e1lisis; y provoca m\u00e1s defunciones que las enfermedades card\u00edacas, cerebrovasculares y tumores.<\/strong><\/p>\n<p><em><strong>La ERC de origen no tradicional, no es causada por enfermedades cr\u00f3nicas; y generalmente se relacionan con factores ambientales, principalmente en zonas agr\u00edcolas.<\/strong><\/em><\/p>\n<p>&nbsp;<\/p>\n<p>Fuente: MINSA<\/p>\n","protected":false},"excerpt":{"rendered":"<p>M\u00e9dicos y enfermeras involucrados en la red primaria de atenci\u00f3n <a href=\"https:\/\/sertv.gob.pa\/nacionalfm\/refuerzan-equipos-de-salud-sobre-enfermedades-renales\/\"> [&#8230;]<\/a><\/p>\n","protected":false},"author":9,"featured_media":105526,"comment_status":"closed","ping_status":"closed","sticky":false,"template":"","format":"standard","meta":{"footnotes":""},"categories":[5],"tags":[],"class_list":["post-105525","post","type-post","status-publish","format-standard","has-post-thumbnail","hentry","category-salud"],"_links":{"self":[{"href":"https:\/\/sertv.gob.pa\/nacionalfm\/wp-json\/wp\/v2\/posts\/105525","targetHints":{"allow":["GET"]}}],"collection":[{"href":"https:\/\/sertv.gob.pa\/nacionalfm\/wp-json\/wp\/v2\/posts"}],"about":[{"href":"https:\/\/sertv.gob.pa\/nacionalfm\/wp-json\/wp\/v2\/types\/post"}],"author":[{"embeddable":true,"href":"https:\/\/sertv.gob.pa\/nacionalfm\/wp-json\/wp\/v2\/users\/9"}],"replies":[{"embeddable":true,"href":"https:\/\/sertv.gob.pa\/nacionalfm\/wp-json\/wp\/v2\/comments?post=105525"}],"version-history":[{"count":1,"href":"https:\/\/sertv.gob.pa\/nacionalfm\/wp-json\/wp\/v2\/posts\/105525\/revisions"}],"predecessor-version":[{"id":105527,"href":"https:\/\/sertv.gob.pa\/nacionalfm\/wp-json\/wp\/v2\/posts\/105525\/revisions\/105527"}],"wp:featuredmedia":[{"embeddable":true,"href":"https:\/\/sertv.gob.pa\/nacionalfm\/wp-json\/wp\/v2\/media\/105526"}],"wp:attachment":[{"href":"https:\/\/sertv.gob.pa\/nacionalfm\/wp-json\/wp\/v2\/media?parent=105525"}],"wp:term":[{"taxonomy":"category","embeddable":true,"href":"https:\/\/sertv.gob.pa\/nacionalfm\/wp-json\/wp\/v2\/categories?post=105525"},{"taxonomy":"post_tag","embeddable":true,"href":"https:\/\/sertv.gob.pa\/nacionalfm\/wp-json\/wp\/v2\/tags?post=105525"}],"curies":[{"name":"wp","href":"https:\/\/api.w.org\/{rel}","templated":true}]}}