{"id":105581,"date":"2025-03-28T11:15:56","date_gmt":"2025-03-28T16:15:56","guid":{"rendered":"https:\/\/sertv.gob.pa\/nacionalfm\/?p=105581"},"modified":"2025-03-28T11:15:56","modified_gmt":"2025-03-28T16:15:56","slug":"dinacavv-de-la-region-de-salud-en-bocas-del-toro-presenta-proyecciones-2025","status":"publish","type":"post","link":"https:\/\/sertv.gob.pa\/nacionalfm\/dinacavv-de-la-region-de-salud-en-bocas-del-toro-presenta-proyecciones-2025\/","title":{"rendered":"DINACAVV de la regi\u00f3n de salud en Bocas del Toro presenta proyecciones 2025"},"content":{"rendered":"<p><strong>Zujey Fong directora regional de salud en Bocas del Toro junto a su equipo de trabajo, se re\u00fane con los colaboradores de la Direcci\u00f3n Nacional de Control de Alimentos y Vigilancia Veterinaria (DINACAVV), con la finalidad de conocer al equipo de m\u00e9dicos veterinarios que conforman la direcci\u00f3n, las funciones que desempe\u00f1an y las proyecciones 2025 para coordinar acciones de trabajo.<\/strong><\/p>\n<p><strong>Erick Espinoza jefe regional de la Direcci\u00f3n Nacional de Control de Alimentos y Vigilancia Veterinaria (DINACAVV), present\u00f3 temas puntuales de la labor que realizan, como: la vigilancia de las plantas de sacrificio y procesamiento bovino, porcino y aviar, como tambi\u00e9n la vigilancia de prevenci\u00f3n y control de establecimientos de alimentos en toda la cadena alimentaria y la vigilancia veterinaria de enfermedades zoon\u00f3ticas, entre otros.<\/strong><\/p>\n<p>Fuente: MINSA<\/p>\n","protected":false},"excerpt":{"rendered":"<p>Zujey Fong directora regional de salud en Bocas del Toro <a href=\"https:\/\/sertv.gob.pa\/nacionalfm\/dinacavv-de-la-region-de-salud-en-bocas-del-toro-presenta-proyecciones-2025\/\"> [&#8230;]<\/a><\/p>\n","protected":false},"author":9,"featured_media":105582,"comment_status":"closed","ping_status":"closed","sticky":false,"template":"","format":"standard","meta":{"footnotes":""},"categories":[5],"tags":[],"class_list":["post-105581","post","type-post","status-publish","format-standard","has-post-thumbnail","hentry","category-salud"],"_links":{"self":[{"href":"https:\/\/sertv.gob.pa\/nacionalfm\/wp-json\/wp\/v2\/posts\/105581","targetHints":{"allow":["GET"]}}],"collection":[{"href":"https:\/\/sertv.gob.pa\/nacionalfm\/wp-json\/wp\/v2\/posts"}],"about":[{"href":"https:\/\/sertv.gob.pa\/nacionalfm\/wp-json\/wp\/v2\/types\/post"}],"author":[{"embeddable":true,"href":"https:\/\/sertv.gob.pa\/nacionalfm\/wp-json\/wp\/v2\/users\/9"}],"replies":[{"embeddable":true,"href":"https:\/\/sertv.gob.pa\/nacionalfm\/wp-json\/wp\/v2\/comments?post=105581"}],"version-history":[{"count":1,"href":"https:\/\/sertv.gob.pa\/nacionalfm\/wp-json\/wp\/v2\/posts\/105581\/revisions"}],"predecessor-version":[{"id":105583,"href":"https:\/\/sertv.gob.pa\/nacionalfm\/wp-json\/wp\/v2\/posts\/105581\/revisions\/105583"}],"wp:featuredmedia":[{"embeddable":true,"href":"https:\/\/sertv.gob.pa\/nacionalfm\/wp-json\/wp\/v2\/media\/105582"}],"wp:attachment":[{"href":"https:\/\/sertv.gob.pa\/nacionalfm\/wp-json\/wp\/v2\/media?parent=105581"}],"wp:term":[{"taxonomy":"category","embeddable":true,"href":"https:\/\/sertv.gob.pa\/nacionalfm\/wp-json\/wp\/v2\/categories?post=105581"},{"taxonomy":"post_tag","embeddable":true,"href":"https:\/\/sertv.gob.pa\/nacionalfm\/wp-json\/wp\/v2\/tags?post=105581"}],"curies":[{"name":"wp","href":"https:\/\/api.w.org\/{rel}","templated":true}]}}