{"id":105651,"date":"2025-04-01T12:52:45","date_gmt":"2025-04-01T17:52:45","guid":{"rendered":"https:\/\/sertv.gob.pa\/nacionalfm\/?p=105651"},"modified":"2025-04-01T12:52:45","modified_gmt":"2025-04-01T17:52:45","slug":"region-de-salud-de-colon-participa-de-foro-sobre-gobernanza-del-agua","status":"publish","type":"post","link":"https:\/\/sertv.gob.pa\/nacionalfm\/region-de-salud-de-colon-participa-de-foro-sobre-gobernanza-del-agua\/","title":{"rendered":"Regi\u00f3n de Salud de Col\u00f3n participa de Foro sobre Gobernanza del Agua"},"content":{"rendered":"<p><em><strong>El Departamento de Agua Potable y Obras Sanitarias de la Regi\u00f3n de Salud de Col\u00f3n, particip\u00f3 del primer foro \u201cLa Gobernanza del agua: Hacia la sostenibilidad y participaci\u00f3n ciudadana\u201d, en la que se destac\u00f3 la labor que realiza el sector salud en favor del recurso h\u00eddrico.<\/strong><\/em><\/p>\n<p><strong>El expositor por la Regi\u00f3n de Salud, fue Alcides Saladino, jefe del departamento de Agua Potable y Obras Sanitarias del MINSA en Col\u00f3n, quien explic\u00f3 el funcionamiento de las juntas de acueductos rurales, como: la administraci\u00f3n, el rol de cada instituci\u00f3n, participaci\u00f3n ciudadana.<\/strong><\/p>\n<p><strong>El DAPOS, es encargado de atender los acueductos rurales en la provincia de Col\u00f3n, en materia de asesor\u00eda en la administraci\u00f3n de estos sistemas que dotan de vital l\u00edquido a las comunidades colonenses.<\/strong><\/p>\n<p><strong>Adem\u00e1s, se hace levantamiento de acueductos rurales, an\u00e1lisis de la calidad del agua y su viabilidad para consumos humano.<\/strong><\/p>\n<p><strong>Durante la actividad, se presentaron un stand de como dosificar el cloro en agua no trataba para ser consumida por las poblaciones.<\/strong><\/p>\n<p>Fuente: MINSA<\/p>\n","protected":false},"excerpt":{"rendered":"<p>El Departamento de Agua Potable y Obras Sanitarias de la <a href=\"https:\/\/sertv.gob.pa\/nacionalfm\/region-de-salud-de-colon-participa-de-foro-sobre-gobernanza-del-agua\/\"> [&#8230;]<\/a><\/p>\n","protected":false},"author":9,"featured_media":105652,"comment_status":"closed","ping_status":"closed","sticky":false,"template":"","format":"standard","meta":{"footnotes":""},"categories":[5],"tags":[],"class_list":["post-105651","post","type-post","status-publish","format-standard","has-post-thumbnail","hentry","category-salud"],"_links":{"self":[{"href":"https:\/\/sertv.gob.pa\/nacionalfm\/wp-json\/wp\/v2\/posts\/105651","targetHints":{"allow":["GET"]}}],"collection":[{"href":"https:\/\/sertv.gob.pa\/nacionalfm\/wp-json\/wp\/v2\/posts"}],"about":[{"href":"https:\/\/sertv.gob.pa\/nacionalfm\/wp-json\/wp\/v2\/types\/post"}],"author":[{"embeddable":true,"href":"https:\/\/sertv.gob.pa\/nacionalfm\/wp-json\/wp\/v2\/users\/9"}],"replies":[{"embeddable":true,"href":"https:\/\/sertv.gob.pa\/nacionalfm\/wp-json\/wp\/v2\/comments?post=105651"}],"version-history":[{"count":2,"href":"https:\/\/sertv.gob.pa\/nacionalfm\/wp-json\/wp\/v2\/posts\/105651\/revisions"}],"predecessor-version":[{"id":105654,"href":"https:\/\/sertv.gob.pa\/nacionalfm\/wp-json\/wp\/v2\/posts\/105651\/revisions\/105654"}],"wp:featuredmedia":[{"embeddable":true,"href":"https:\/\/sertv.gob.pa\/nacionalfm\/wp-json\/wp\/v2\/media\/105652"}],"wp:attachment":[{"href":"https:\/\/sertv.gob.pa\/nacionalfm\/wp-json\/wp\/v2\/media?parent=105651"}],"wp:term":[{"taxonomy":"category","embeddable":true,"href":"https:\/\/sertv.gob.pa\/nacionalfm\/wp-json\/wp\/v2\/categories?post=105651"},{"taxonomy":"post_tag","embeddable":true,"href":"https:\/\/sertv.gob.pa\/nacionalfm\/wp-json\/wp\/v2\/tags?post=105651"}],"curies":[{"name":"wp","href":"https:\/\/api.w.org\/{rel}","templated":true}]}}