{"id":10567,"date":"2016-02-10T18:36:37","date_gmt":"2016-02-10T18:36:37","guid":{"rendered":""},"modified":"2016-02-10T18:36:37","modified_gmt":"2016-02-10T18:36:37","slug":"cientifico-nunez-y-manuel-largacha-se-miden-el-10-de-marzo","status":"publish","type":"post","link":"https:\/\/sertv.gob.pa\/nacionalfm\/cientifico-nunez-y-manuel-largacha-se-miden-el-10-de-marzo\/","title":{"rendered":"\u201cCient\u00edfico\u201d N\u00fa\u00f1ez y Manuel Largacha se miden el 10 de marzo"},"content":{"rendered":"<p>\nRicardo &ldquo;El Cient\u00edfico&rdquo; N\u00fa\u00f1ez se enfrenta en combate a 10 asaltos y en peso de 138 libras a Manuel Largacha el pr\u00f3ximo 10 de marzo en el Hotel Panam\u00e1. <\/p>\n<p>&ldquo;El Cient\u00edfico&rdquo; N\u00fa\u00f1ez viene de vencer por la ruta m\u00e1s corta al colonense Eric &ldquo;El L\u00e1tigo&rdquo; Walters. N\u00fa\u00f1ez tiene un palmar\u00e9s de 13 victorias 2 derrotas con 12 definidas por la v\u00eda r\u00e1pida. <\/p>\n<p>Manuel Largacha viene de vencer\u00a0 en gran combate a Jonh &ldquo; Careloco&rdquo; Renter\u00eda por decisi\u00f3n un\u00e1nime de los jueces y cuenta con un palmar\u00e9s de 7 victorias, 3 derrotas, 3 empates\u00a0 y 3 ganadas por la v\u00eda del K.O., ambos p\u00fagiles cuentan con 22 a\u00f1os de edad. <\/p>\n<p>Ma\u00f1ana jueves 11 de febrero se dar\u00e1n mayores detalles en conferencia de prensa en el Restaurante Lion, ubicado en las Terrazas del Mall Multicentro, a las 10 de la ma\u00f1ana. <\/p>\n<p>\u00a0 <\/p>\n","protected":false},"excerpt":{"rendered":"<p>Ricardo &ldquo;El Cient\u00edfico&rdquo; N\u00fa\u00f1ez se enfrenta en combate a 10 <a href=\"https:\/\/sertv.gob.pa\/nacionalfm\/cientifico-nunez-y-manuel-largacha-se-miden-el-10-de-marzo\/\"> [&#8230;]<\/a><\/p>\n","protected":false},"author":1,"featured_media":10568,"comment_status":"closed","ping_status":"closed","sticky":false,"template":"","format":"standard","meta":{"footnotes":""},"categories":[4],"tags":[],"class_list":["post-10567","post","type-post","status-publish","format-standard","has-post-thumbnail","hentry","category-deportes"],"_links":{"self":[{"href":"https:\/\/sertv.gob.pa\/nacionalfm\/wp-json\/wp\/v2\/posts\/10567","targetHints":{"allow":["GET"]}}],"collection":[{"href":"https:\/\/sertv.gob.pa\/nacionalfm\/wp-json\/wp\/v2\/posts"}],"about":[{"href":"https:\/\/sertv.gob.pa\/nacionalfm\/wp-json\/wp\/v2\/types\/post"}],"author":[{"embeddable":true,"href":"https:\/\/sertv.gob.pa\/nacionalfm\/wp-json\/wp\/v2\/users\/1"}],"replies":[{"embeddable":true,"href":"https:\/\/sertv.gob.pa\/nacionalfm\/wp-json\/wp\/v2\/comments?post=10567"}],"version-history":[{"count":0,"href":"https:\/\/sertv.gob.pa\/nacionalfm\/wp-json\/wp\/v2\/posts\/10567\/revisions"}],"wp:featuredmedia":[{"embeddable":true,"href":"https:\/\/sertv.gob.pa\/nacionalfm\/wp-json\/wp\/v2\/media\/10568"}],"wp:attachment":[{"href":"https:\/\/sertv.gob.pa\/nacionalfm\/wp-json\/wp\/v2\/media?parent=10567"}],"wp:term":[{"taxonomy":"category","embeddable":true,"href":"https:\/\/sertv.gob.pa\/nacionalfm\/wp-json\/wp\/v2\/categories?post=10567"},{"taxonomy":"post_tag","embeddable":true,"href":"https:\/\/sertv.gob.pa\/nacionalfm\/wp-json\/wp\/v2\/tags?post=10567"}],"curies":[{"name":"wp","href":"https:\/\/api.w.org\/{rel}","templated":true}]}}