{"id":1057,"date":"2014-08-17T05:00:00","date_gmt":"2014-08-17T05:00:00","guid":{"rendered":""},"modified":"2014-08-17T05:00:00","modified_gmt":"2014-08-17T05:00:00","slug":"obesidad-incrementa-el-riesgo-de-cancer","status":"publish","type":"post","link":"https:\/\/sertv.gob.pa\/nacionalfm\/obesidad-incrementa-el-riesgo-de-cancer\/","title":{"rendered":"Obesidad incrementa el riesgo de c\u00e1ncer"},"content":{"rendered":"<p>\nEl sobrepeso y la obesidad aumentan el peligro de desarrollar una decena de tipos de c\u00e1ncer, incluyendo el de \u00fatero, ves\u00edcula biliar, ri\u00f1\u00f3n, h\u00edgado o colon, seg\u00fan un estudio publicado \u00a0por la revista brit\u00e1nica The Lancet. <\/p>\n<p>Realizado por investigadores de la Escuela de higiene y medicina tropical de Londres, el estudio se llev\u00f3 a cabo en m\u00e1s de 5 millones de brit\u00e1nicos de 16 a\u00f1os cuyo \u00edndice de masa corporal IMC es conocido. Siguieron su evoluci\u00f3n durante siete a\u00f1os y medio. <\/p>\n<p>El \u00edndice de masa corporal es la relaci\u00f3n entre altura y peso. Un \u00edndice superior a 30 es considerado como una se\u00f1al de obesidad en el adulto. En el caso de un \u00edndice situado entre 25 y 30, se habla de sobrepeso. <\/p>\n<p>Al estudiar los 167.000 casos de c\u00e1ncer observados en esa poblaci\u00f3n, los investigadores establecieron un v\u00ednculo entre el IMC y 17 de los 22 tumores m\u00e1s frecuentemente observados en el Reino Unido. <\/p>\n<p>Cada aumento de peso de cinco puntos del IMC pudo asociarse a un riesgo incrementado de varios tipos de c\u00e1ncer, siendo el de \u00fatero el m\u00e1s frecuente, con un incremento del riesgo del 62%, delante de la ves\u00edcula biliar (31%), el h\u00edgado (25%), el cuello de \u00fatero (10%), la tiroides (9%) y la leucemia (9%). <\/p>\n<p>Los IMC demasiado elevados igualmente aumentan el riesgo global de c\u00e1ncer de h\u00edgado (19%), de colon (10%) y de los ovarios (9%). <\/p>\n<p>Bas\u00e1ndose en esos resultados, los investigadores estiman que en Gran Breta\u00f1a, 12.000 casos anuales de c\u00e1ncer podr\u00edan estar vinculados a la obesidad y el sobrepeso. Y si la epidemia de obesidad sigue al ritmo actual, con un alza de un punto de IMC cada 12 a\u00f1os, podr\u00eda haber 3.800 casos de c\u00e1ncer adicionales cada a\u00f1o en ese pa\u00eds.\u00a0 @nacionalFm <\/p>\n<p>\u00a0 <\/p>\n","protected":false},"excerpt":{"rendered":"<p>El sobrepeso y la obesidad aumentan el peligro de desarrollar <a href=\"https:\/\/sertv.gob.pa\/nacionalfm\/obesidad-incrementa-el-riesgo-de-cancer\/\"> [&#8230;]<\/a><\/p>\n","protected":false},"author":1,"featured_media":1058,"comment_status":"closed","ping_status":"closed","sticky":false,"template":"","format":"standard","meta":{"footnotes":""},"categories":[5],"tags":[],"class_list":["post-1057","post","type-post","status-publish","format-standard","has-post-thumbnail","hentry","category-salud"],"_links":{"self":[{"href":"https:\/\/sertv.gob.pa\/nacionalfm\/wp-json\/wp\/v2\/posts\/1057","targetHints":{"allow":["GET"]}}],"collection":[{"href":"https:\/\/sertv.gob.pa\/nacionalfm\/wp-json\/wp\/v2\/posts"}],"about":[{"href":"https:\/\/sertv.gob.pa\/nacionalfm\/wp-json\/wp\/v2\/types\/post"}],"author":[{"embeddable":true,"href":"https:\/\/sertv.gob.pa\/nacionalfm\/wp-json\/wp\/v2\/users\/1"}],"replies":[{"embeddable":true,"href":"https:\/\/sertv.gob.pa\/nacionalfm\/wp-json\/wp\/v2\/comments?post=1057"}],"version-history":[{"count":0,"href":"https:\/\/sertv.gob.pa\/nacionalfm\/wp-json\/wp\/v2\/posts\/1057\/revisions"}],"wp:featuredmedia":[{"embeddable":true,"href":"https:\/\/sertv.gob.pa\/nacionalfm\/wp-json\/wp\/v2\/media\/1058"}],"wp:attachment":[{"href":"https:\/\/sertv.gob.pa\/nacionalfm\/wp-json\/wp\/v2\/media?parent=1057"}],"wp:term":[{"taxonomy":"category","embeddable":true,"href":"https:\/\/sertv.gob.pa\/nacionalfm\/wp-json\/wp\/v2\/categories?post=1057"},{"taxonomy":"post_tag","embeddable":true,"href":"https:\/\/sertv.gob.pa\/nacionalfm\/wp-json\/wp\/v2\/tags?post=1057"}],"curies":[{"name":"wp","href":"https:\/\/api.w.org\/{rel}","templated":true}]}}