{"id":10573,"date":"2016-02-10T21:02:14","date_gmt":"2016-02-10T21:02:14","guid":{"rendered":""},"modified":"2016-02-10T21:02:14","modified_gmt":"2016-02-10T21:02:14","slug":"manana-se-reanuda-campeonato-nacional-de-beisbol-juvenil","status":"publish","type":"post","link":"https:\/\/sertv.gob.pa\/nacionalfm\/manana-se-reanuda-campeonato-nacional-de-beisbol-juvenil\/","title":{"rendered":"Ma\u00f1ana se reanuda Campeonato Nacional de B\u00e9isbol Juvenil"},"content":{"rendered":"<p>\nEl Campeonato Nacional de B\u00e9isbol Juvenil se reanuda ma\u00f1ana jueves 11 de febrero luego de las fiestas del carnaval. <\/p>\n<p>Los Santos visitar\u00e1 a Panam\u00e1 Metro en el Estadio Rod Carew, Chiriqu\u00ed se enfrenta a &ldquo;Los Azucareros&rdquo; de Cocl\u00e9 en el estadio Rem\u00f3n Cantera, partido que ser\u00e1 transmitido por Nacional FM y Chiriqu\u00ed Occidente lo har\u00e1 ante Herrera en el estadio Rico Cede\u00f1o de Chitr\u00e9. <\/p>\n<p>Todos los partidos se efectuar\u00e1n a las 7 de la noche.\u00a0\u00a0 <\/p>\n","protected":false},"excerpt":{"rendered":"<p>El Campeonato Nacional de B\u00e9isbol Juvenil se reanuda ma\u00f1ana jueves <a href=\"https:\/\/sertv.gob.pa\/nacionalfm\/manana-se-reanuda-campeonato-nacional-de-beisbol-juvenil\/\"> [&#8230;]<\/a><\/p>\n","protected":false},"author":1,"featured_media":10574,"comment_status":"closed","ping_status":"closed","sticky":false,"template":"","format":"standard","meta":{"footnotes":""},"categories":[4],"tags":[],"class_list":["post-10573","post","type-post","status-publish","format-standard","has-post-thumbnail","hentry","category-deportes"],"_links":{"self":[{"href":"https:\/\/sertv.gob.pa\/nacionalfm\/wp-json\/wp\/v2\/posts\/10573","targetHints":{"allow":["GET"]}}],"collection":[{"href":"https:\/\/sertv.gob.pa\/nacionalfm\/wp-json\/wp\/v2\/posts"}],"about":[{"href":"https:\/\/sertv.gob.pa\/nacionalfm\/wp-json\/wp\/v2\/types\/post"}],"author":[{"embeddable":true,"href":"https:\/\/sertv.gob.pa\/nacionalfm\/wp-json\/wp\/v2\/users\/1"}],"replies":[{"embeddable":true,"href":"https:\/\/sertv.gob.pa\/nacionalfm\/wp-json\/wp\/v2\/comments?post=10573"}],"version-history":[{"count":0,"href":"https:\/\/sertv.gob.pa\/nacionalfm\/wp-json\/wp\/v2\/posts\/10573\/revisions"}],"wp:featuredmedia":[{"embeddable":true,"href":"https:\/\/sertv.gob.pa\/nacionalfm\/wp-json\/wp\/v2\/media\/10574"}],"wp:attachment":[{"href":"https:\/\/sertv.gob.pa\/nacionalfm\/wp-json\/wp\/v2\/media?parent=10573"}],"wp:term":[{"taxonomy":"category","embeddable":true,"href":"https:\/\/sertv.gob.pa\/nacionalfm\/wp-json\/wp\/v2\/categories?post=10573"},{"taxonomy":"post_tag","embeddable":true,"href":"https:\/\/sertv.gob.pa\/nacionalfm\/wp-json\/wp\/v2\/tags?post=10573"}],"curies":[{"name":"wp","href":"https:\/\/api.w.org\/{rel}","templated":true}]}}