{"id":10575,"date":"2016-02-10T21:07:40","date_gmt":"2016-02-10T21:07:40","guid":{"rendered":""},"modified":"2016-02-10T21:07:40","modified_gmt":"2016-02-10T21:07:40","slug":"bolillo-gomez-entrena-seleccion-nacional-en-martes-carnaval","status":"publish","type":"post","link":"https:\/\/sertv.gob.pa\/nacionalfm\/bolillo-gomez-entrena-seleccion-nacional-en-martes-carnaval\/","title":{"rendered":"\u00abBolillo\u00bb G\u00f3mez entrena Seleccion Nacional en Martes Carnaval"},"content":{"rendered":"<p>\nLa Selecci\u00f3n de Panam\u00e1, bajo el comando del entrenador colombiano Hern\u00e1n Dar\u00edo &ldquo;Bolillo&rdquo; G\u00f3mez, complet\u00f3 este martes su segundo microciclo, con vistas al enfrentamiento ante su similar de El Salvador, el pr\u00f3ximo 17 de febrero en el Estadio Maracan\u00e1 de El Chorrillo. <\/p>\n<p>El cuadro escarlata trabaj\u00f3 este martes con sus 32 integrantes. <\/p>\n<p>El jueves, &ldquo;Bolillo&rdquo; G\u00f3mez dar\u00e1 a conocer la lista de 20 futbolistas que har\u00e1n parte del pr\u00f3ximo encuentro de preparaci\u00f3n. <\/p>\n","protected":false},"excerpt":{"rendered":"<p>La Selecci\u00f3n de Panam\u00e1, bajo el comando del entrenador colombiano <a href=\"https:\/\/sertv.gob.pa\/nacionalfm\/bolillo-gomez-entrena-seleccion-nacional-en-martes-carnaval\/\"> [&#8230;]<\/a><\/p>\n","protected":false},"author":1,"featured_media":10576,"comment_status":"closed","ping_status":"closed","sticky":false,"template":"","format":"standard","meta":{"footnotes":""},"categories":[4],"tags":[],"class_list":["post-10575","post","type-post","status-publish","format-standard","has-post-thumbnail","hentry","category-deportes"],"_links":{"self":[{"href":"https:\/\/sertv.gob.pa\/nacionalfm\/wp-json\/wp\/v2\/posts\/10575","targetHints":{"allow":["GET"]}}],"collection":[{"href":"https:\/\/sertv.gob.pa\/nacionalfm\/wp-json\/wp\/v2\/posts"}],"about":[{"href":"https:\/\/sertv.gob.pa\/nacionalfm\/wp-json\/wp\/v2\/types\/post"}],"author":[{"embeddable":true,"href":"https:\/\/sertv.gob.pa\/nacionalfm\/wp-json\/wp\/v2\/users\/1"}],"replies":[{"embeddable":true,"href":"https:\/\/sertv.gob.pa\/nacionalfm\/wp-json\/wp\/v2\/comments?post=10575"}],"version-history":[{"count":0,"href":"https:\/\/sertv.gob.pa\/nacionalfm\/wp-json\/wp\/v2\/posts\/10575\/revisions"}],"wp:featuredmedia":[{"embeddable":true,"href":"https:\/\/sertv.gob.pa\/nacionalfm\/wp-json\/wp\/v2\/media\/10576"}],"wp:attachment":[{"href":"https:\/\/sertv.gob.pa\/nacionalfm\/wp-json\/wp\/v2\/media?parent=10575"}],"wp:term":[{"taxonomy":"category","embeddable":true,"href":"https:\/\/sertv.gob.pa\/nacionalfm\/wp-json\/wp\/v2\/categories?post=10575"},{"taxonomy":"post_tag","embeddable":true,"href":"https:\/\/sertv.gob.pa\/nacionalfm\/wp-json\/wp\/v2\/tags?post=10575"}],"curies":[{"name":"wp","href":"https:\/\/api.w.org\/{rel}","templated":true}]}}