{"id":10577,"date":"2016-02-10T21:58:04","date_gmt":"2016-02-10T21:58:04","guid":{"rendered":""},"modified":"2016-02-10T21:58:04","modified_gmt":"2016-02-10T21:58:04","slug":"correcaminos-de-colon-en-grupo-c-de-liga-de-las-americas","status":"publish","type":"post","link":"https:\/\/sertv.gob.pa\/nacionalfm\/correcaminos-de-colon-en-grupo-c-de-liga-de-las-americas\/","title":{"rendered":"Correcaminos de Col\u00f3n en Grupo C de Liga de Las Am\u00e9ricas"},"content":{"rendered":"<p>\nPanam\u00e1 representado por Los Correcaminos de Col\u00f3n se ubica en el Grupo C de la Liga de Las Am\u00e9ricas, y comparte con el Club Flamengo de Brasil, luego que el pasado fin de semana se desarroll\u00f3 la clasificaci\u00f3n del Grupo &ldquo;D&rdquo; de la Liga de las Am\u00e9ricas que se desarroll\u00f3 en Barquisimeto, Venezuela; y pasaron los quintetos de UniCEUB de Brasilia, Brasil y los locales Guaros de Lara de Venezuela. <\/p>\n<p>La primera ronda inici\u00f3 el viernes 15 de enero y termin\u00f3 el pasado domingo 7 de febrero que cont\u00f3 con la participaci\u00f3n de (16) dieciseis equipos divididos en cuatro grupos en la cual ya oficialmente est\u00e1n clasificados (8) ocho de ellos que son los siguientes: <\/p>\n<p>En el Grupo A, Mogi Das Cruzes\/Helbor de Brasil y Malvin Montevideo de Uruguay, en el Grupo B Paschoalotto\/Baruru de Bracil y el Asociaci\u00f3n Quimsa Santiago del Estero de Argentina, el Grupo D con Guaros de Lara de Venezuela y Un CEUB BRB de Brasilia de Brasil. <\/p>\n<p>La reiteraci\u00f3n de \u00a0que el equipo representante de Panam\u00e1 los Correcaminos de Col\u00f3n, hicieron historia en el baloncesto profesional de Clubes del Continente Americano al clasificar por primera vez al pa\u00eds y pasar a la Segunda Ronda de la Liga de las Am\u00e9ricas. <\/p>\n","protected":false},"excerpt":{"rendered":"<p>Panam\u00e1 representado por Los Correcaminos de Col\u00f3n se ubica en <a href=\"https:\/\/sertv.gob.pa\/nacionalfm\/correcaminos-de-colon-en-grupo-c-de-liga-de-las-americas\/\"> [&#8230;]<\/a><\/p>\n","protected":false},"author":1,"featured_media":10578,"comment_status":"closed","ping_status":"closed","sticky":false,"template":"","format":"standard","meta":{"footnotes":""},"categories":[4],"tags":[],"class_list":["post-10577","post","type-post","status-publish","format-standard","has-post-thumbnail","hentry","category-deportes"],"_links":{"self":[{"href":"https:\/\/sertv.gob.pa\/nacionalfm\/wp-json\/wp\/v2\/posts\/10577","targetHints":{"allow":["GET"]}}],"collection":[{"href":"https:\/\/sertv.gob.pa\/nacionalfm\/wp-json\/wp\/v2\/posts"}],"about":[{"href":"https:\/\/sertv.gob.pa\/nacionalfm\/wp-json\/wp\/v2\/types\/post"}],"author":[{"embeddable":true,"href":"https:\/\/sertv.gob.pa\/nacionalfm\/wp-json\/wp\/v2\/users\/1"}],"replies":[{"embeddable":true,"href":"https:\/\/sertv.gob.pa\/nacionalfm\/wp-json\/wp\/v2\/comments?post=10577"}],"version-history":[{"count":0,"href":"https:\/\/sertv.gob.pa\/nacionalfm\/wp-json\/wp\/v2\/posts\/10577\/revisions"}],"wp:featuredmedia":[{"embeddable":true,"href":"https:\/\/sertv.gob.pa\/nacionalfm\/wp-json\/wp\/v2\/media\/10578"}],"wp:attachment":[{"href":"https:\/\/sertv.gob.pa\/nacionalfm\/wp-json\/wp\/v2\/media?parent=10577"}],"wp:term":[{"taxonomy":"category","embeddable":true,"href":"https:\/\/sertv.gob.pa\/nacionalfm\/wp-json\/wp\/v2\/categories?post=10577"},{"taxonomy":"post_tag","embeddable":true,"href":"https:\/\/sertv.gob.pa\/nacionalfm\/wp-json\/wp\/v2\/tags?post=10577"}],"curies":[{"name":"wp","href":"https:\/\/api.w.org\/{rel}","templated":true}]}}