{"id":10581,"date":"2016-02-10T22:36:12","date_gmt":"2016-02-10T22:36:12","guid":{"rendered":""},"modified":"2016-02-10T22:36:12","modified_gmt":"2016-02-10T22:36:12","slug":"pandeportes-aclara-sobre-uso-de-agua-de-piscina","status":"publish","type":"post","link":"https:\/\/sertv.gob.pa\/nacionalfm\/pandeportes-aclara-sobre-uso-de-agua-de-piscina\/","title":{"rendered":"PANDEPORTES aclara sobre uso de agua de Piscina"},"content":{"rendered":"<p>\nEl Instituto Paname\u00f1o Deportes aclar\u00f3 por medio de una nota, el caso del uso del agua de la secci\u00f3n de clavados de la piscina Eileen Coparropa, ubicada en la Ciudad Deportiva Irving Saladino, para los culecos que se realizaron durante el carnaval capitalino en la Cinta Costera. <\/p>\n<p>PANDEPORTES \u00a0dej\u00f3 claro que la medida se tom\u00f3 en consecuencia que dentro de la programaci\u00f3n del mantenimiento de la piscina Eileen Coparropa se ten\u00eda contemplado el vaciado del agua de la principal pileta del pa\u00eds, al finalizar las actividades del Verano Deportivo, que con la utilizaci\u00f3n de esta instalaci\u00f3n y dem\u00e1s que componen la Ciudad Deportiva Irving Saladino se benefici\u00f3 a m\u00e1s de tres mil ni\u00f1os y j\u00f3venes durante este per\u00edodo de vacaciones escolares. <\/p>\n<p>Por lo tanto, PANDEPORTES \u00a0aprovech\u00f3 y coordin\u00f3 con el Ministerio de Ambiente y la Autoridad de Turismo el uso del agua, que es clorificada, pero no potable para el consumo humano y de animales y que iba a ser desechada de la piscina Eileen Coparropa para que fuera utilizada en los culecos del carnaval capitalino. <\/p>\n<p>PANDEPORTES a la vez quiere reiterar el compromiso que tiene como entidad del Gobierno de la Rep\u00fablica de Panam\u00e1 de sumarse a las acciones encaminadas a crear conciencia entre los paname\u00f1os y dem\u00e1s residentes en el pa\u00eds sobre el uso racional del agua, especialmente en estos momentos en que se ve afectado por los fen\u00f3menos naturales. <\/p>\n<p>\u00a0 <\/p>\n","protected":false},"excerpt":{"rendered":"<p>El Instituto Paname\u00f1o Deportes aclar\u00f3 por medio de una nota, <a href=\"https:\/\/sertv.gob.pa\/nacionalfm\/pandeportes-aclara-sobre-uso-de-agua-de-piscina\/\"> [&#8230;]<\/a><\/p>\n","protected":false},"author":1,"featured_media":10582,"comment_status":"closed","ping_status":"closed","sticky":false,"template":"","format":"standard","meta":{"footnotes":""},"categories":[4],"tags":[],"class_list":["post-10581","post","type-post","status-publish","format-standard","has-post-thumbnail","hentry","category-deportes"],"_links":{"self":[{"href":"https:\/\/sertv.gob.pa\/nacionalfm\/wp-json\/wp\/v2\/posts\/10581","targetHints":{"allow":["GET"]}}],"collection":[{"href":"https:\/\/sertv.gob.pa\/nacionalfm\/wp-json\/wp\/v2\/posts"}],"about":[{"href":"https:\/\/sertv.gob.pa\/nacionalfm\/wp-json\/wp\/v2\/types\/post"}],"author":[{"embeddable":true,"href":"https:\/\/sertv.gob.pa\/nacionalfm\/wp-json\/wp\/v2\/users\/1"}],"replies":[{"embeddable":true,"href":"https:\/\/sertv.gob.pa\/nacionalfm\/wp-json\/wp\/v2\/comments?post=10581"}],"version-history":[{"count":0,"href":"https:\/\/sertv.gob.pa\/nacionalfm\/wp-json\/wp\/v2\/posts\/10581\/revisions"}],"wp:featuredmedia":[{"embeddable":true,"href":"https:\/\/sertv.gob.pa\/nacionalfm\/wp-json\/wp\/v2\/media\/10582"}],"wp:attachment":[{"href":"https:\/\/sertv.gob.pa\/nacionalfm\/wp-json\/wp\/v2\/media?parent=10581"}],"wp:term":[{"taxonomy":"category","embeddable":true,"href":"https:\/\/sertv.gob.pa\/nacionalfm\/wp-json\/wp\/v2\/categories?post=10581"},{"taxonomy":"post_tag","embeddable":true,"href":"https:\/\/sertv.gob.pa\/nacionalfm\/wp-json\/wp\/v2\/tags?post=10581"}],"curies":[{"name":"wp","href":"https:\/\/api.w.org\/{rel}","templated":true}]}}