{"id":10591,"date":"2016-02-11T16:21:29","date_gmt":"2016-02-11T16:21:29","guid":{"rendered":""},"modified":"2016-02-11T16:21:29","modified_gmt":"2016-02-11T16:21:29","slug":"aviso-de-advertencia-por-indices-maximos-de-radiacion-ultravioleta","status":"publish","type":"post","link":"https:\/\/sertv.gob.pa\/nacionalfm\/aviso-de-advertencia-por-indices-maximos-de-radiacion-ultravioleta\/","title":{"rendered":"Aviso de advertencia por \u00edndices m\u00e1ximos de radiaci\u00f3n ultravioleta"},"content":{"rendered":"<p>\nLa Empresa de Transmisi\u00f3n El\u00e9ctrica (ETESA) emiti\u00f3 este jueves, 11 de febrero, un aviso de advertencia por \u00edndices m\u00e1ximos de radiaci\u00f3n ultravioleta. <\/p>\n<p>Hidrometeorolog\u00eda de ETESA solicita suma precauci\u00f3n en los siguientes lugares: <\/p>\n<p> \u00cdndices de Radiaci\u00f3n UV de 11 a 13 (extremadamente alto)  <\/p>\n<p>Chiriqu\u00ed (Tierras Altas y Tierras Bajas), Veraguas (centro y sur), Herrera, Los Santos y los sectores mar\u00edtimos de estas regiones. <\/p>\n<p> \u00cdndices de Radiaci\u00f3n UV de 8 a 10 (muy alto)  <\/p>\n<p>Cocl\u00e9, Panam\u00e1 Oeste, Bocas del Toro, Veraguas (norte), Comarca\u00a0Ng\u00e4be Bugl\u00e9, Costa Abajo de Col\u00f3n, Panam\u00e1 Metro y Golfo de Panam\u00e1. <\/p>\n<p> \u00cdndices de Radiaci\u00f3n UV de 6 a 8 (Alto)  <\/p>\n<p>Costa Arriba de Col\u00f3n, Comarca Guna Yala, sector de Panam\u00e1 Este, Dari\u00e9n y Comarca Ember\u00e1. <\/p>\n<p>Se recomienda a la poblaci\u00f3n ubicarse en lugares seguros si hay fuertes vientos; usar\u00a0 bloqueadores solares desde #50, cada dos horas; no utilizar bronceadores sin protecci\u00f3n solar.  <\/p>\n<p>Adem\u00e1s, usar sombreros amplios, lentes oscuros, \u00e1reas bajo sombra, utilizar sombrillas, ropa de tela gruesa. <\/p>\n<p>Evitar exponerse al sol prolongadamente. <\/p>\n<p>\u00a0 <\/p>\n","protected":false},"excerpt":{"rendered":"<p>La Empresa de Transmisi\u00f3n El\u00e9ctrica (ETESA) emiti\u00f3 este jueves, 11 <a href=\"https:\/\/sertv.gob.pa\/nacionalfm\/aviso-de-advertencia-por-indices-maximos-de-radiacion-ultravioleta\/\"> [&#8230;]<\/a><\/p>\n","protected":false},"author":1,"featured_media":10592,"comment_status":"closed","ping_status":"closed","sticky":false,"template":"","format":"standard","meta":{"footnotes":""},"categories":[5],"tags":[],"class_list":["post-10591","post","type-post","status-publish","format-standard","has-post-thumbnail","hentry","category-salud"],"_links":{"self":[{"href":"https:\/\/sertv.gob.pa\/nacionalfm\/wp-json\/wp\/v2\/posts\/10591","targetHints":{"allow":["GET"]}}],"collection":[{"href":"https:\/\/sertv.gob.pa\/nacionalfm\/wp-json\/wp\/v2\/posts"}],"about":[{"href":"https:\/\/sertv.gob.pa\/nacionalfm\/wp-json\/wp\/v2\/types\/post"}],"author":[{"embeddable":true,"href":"https:\/\/sertv.gob.pa\/nacionalfm\/wp-json\/wp\/v2\/users\/1"}],"replies":[{"embeddable":true,"href":"https:\/\/sertv.gob.pa\/nacionalfm\/wp-json\/wp\/v2\/comments?post=10591"}],"version-history":[{"count":0,"href":"https:\/\/sertv.gob.pa\/nacionalfm\/wp-json\/wp\/v2\/posts\/10591\/revisions"}],"wp:featuredmedia":[{"embeddable":true,"href":"https:\/\/sertv.gob.pa\/nacionalfm\/wp-json\/wp\/v2\/media\/10592"}],"wp:attachment":[{"href":"https:\/\/sertv.gob.pa\/nacionalfm\/wp-json\/wp\/v2\/media?parent=10591"}],"wp:term":[{"taxonomy":"category","embeddable":true,"href":"https:\/\/sertv.gob.pa\/nacionalfm\/wp-json\/wp\/v2\/categories?post=10591"},{"taxonomy":"post_tag","embeddable":true,"href":"https:\/\/sertv.gob.pa\/nacionalfm\/wp-json\/wp\/v2\/tags?post=10591"}],"curies":[{"name":"wp","href":"https:\/\/api.w.org\/{rel}","templated":true}]}}