{"id":105958,"date":"2025-04-07T11:30:54","date_gmt":"2025-04-07T16:30:54","guid":{"rendered":"https:\/\/sertv.gob.pa\/nacionalfm\/?p=105958"},"modified":"2025-04-07T11:30:54","modified_gmt":"2025-04-07T16:30:54","slug":"el-minsa-en-tocumen-realizo-exitosa-feria-de-carne-blanco-y-verde","status":"publish","type":"post","link":"https:\/\/sertv.gob.pa\/nacionalfm\/el-minsa-en-tocumen-realizo-exitosa-feria-de-carne-blanco-y-verde\/","title":{"rendered":"El MINSA en Tocumen realiz\u00f3 exitosa feria de carn\u00e9 blanco y verde"},"content":{"rendered":"<p><em><strong>Con gran afluencia, se desarroll\u00f3 feria de carn\u00e9 blanco y verde para operarios y manipuladores de alimentos, en el Centro de Salud de Tocumen.<\/strong><\/em><\/p>\n<p><strong>Elvia Evers, directora m\u00e9dica indic\u00f3 que \u00bb emitieron 302 carn\u00e9 blancos, 125 carn\u00e9 verdes y se aplicaron 487dosis de vacunas, todo un \u00e9xito la feria\u00bb.<\/strong><\/p>\n<p><em><strong>\u00abSabemos las necesidades de la poblaci\u00f3n para poder obtener un trabajo, estamos intentando ayudarlos, porque de lunes a viernes se otorgan en el centro y sabemos que hay personas que no pueden asistir, por eso hacemos estas ferias\u201d, dijo Evers.<\/strong><\/em><\/p>\n<p><strong>Durante los operativos de Salud P\u00fablica en el sector de Tocumen, se ha encontrado carn\u00e9 fraudulento, el cual es penalizado; porque se da un proceso legal que puede ser una multa o ir preso por ese delito, agreg\u00f3 la directora m\u00e9dica Evers.<\/strong><\/p>\n<p><strong>Entre algunos de los requisitos que la poblaci\u00f3n debe cumplir para obtener el carn\u00e9 blanco o certificado de buena salud est\u00e1n: si es persona con m\u00e1s de 40 a\u00f1os esta debe ir en ayuna y llevar muestra de heces en envases apropiados.<\/strong><\/p>\n<p><strong>Mientras que, para el carn\u00e9 verde, deber\u00e1 presentar 2 fotos tama\u00f1o carn\u00e9, copia del carn\u00e9 blanco vigente y tomar el curso de manipulador de alimentos.<\/strong><\/p>\n<p>&nbsp;<\/p>\n<p>Fuente: MINSA<\/p>\n","protected":false},"excerpt":{"rendered":"<p>Con gran afluencia, se desarroll\u00f3 feria de carn\u00e9 blanco y <a href=\"https:\/\/sertv.gob.pa\/nacionalfm\/el-minsa-en-tocumen-realizo-exitosa-feria-de-carne-blanco-y-verde\/\"> [&#8230;]<\/a><\/p>\n","protected":false},"author":9,"featured_media":105959,"comment_status":"closed","ping_status":"closed","sticky":false,"template":"","format":"standard","meta":{"footnotes":""},"categories":[5],"tags":[],"class_list":["post-105958","post","type-post","status-publish","format-standard","has-post-thumbnail","hentry","category-salud"],"_links":{"self":[{"href":"https:\/\/sertv.gob.pa\/nacionalfm\/wp-json\/wp\/v2\/posts\/105958","targetHints":{"allow":["GET"]}}],"collection":[{"href":"https:\/\/sertv.gob.pa\/nacionalfm\/wp-json\/wp\/v2\/posts"}],"about":[{"href":"https:\/\/sertv.gob.pa\/nacionalfm\/wp-json\/wp\/v2\/types\/post"}],"author":[{"embeddable":true,"href":"https:\/\/sertv.gob.pa\/nacionalfm\/wp-json\/wp\/v2\/users\/9"}],"replies":[{"embeddable":true,"href":"https:\/\/sertv.gob.pa\/nacionalfm\/wp-json\/wp\/v2\/comments?post=105958"}],"version-history":[{"count":1,"href":"https:\/\/sertv.gob.pa\/nacionalfm\/wp-json\/wp\/v2\/posts\/105958\/revisions"}],"predecessor-version":[{"id":105960,"href":"https:\/\/sertv.gob.pa\/nacionalfm\/wp-json\/wp\/v2\/posts\/105958\/revisions\/105960"}],"wp:featuredmedia":[{"embeddable":true,"href":"https:\/\/sertv.gob.pa\/nacionalfm\/wp-json\/wp\/v2\/media\/105959"}],"wp:attachment":[{"href":"https:\/\/sertv.gob.pa\/nacionalfm\/wp-json\/wp\/v2\/media?parent=105958"}],"wp:term":[{"taxonomy":"category","embeddable":true,"href":"https:\/\/sertv.gob.pa\/nacionalfm\/wp-json\/wp\/v2\/categories?post=105958"},{"taxonomy":"post_tag","embeddable":true,"href":"https:\/\/sertv.gob.pa\/nacionalfm\/wp-json\/wp\/v2\/tags?post=105958"}],"curies":[{"name":"wp","href":"https:\/\/api.w.org\/{rel}","templated":true}]}}