{"id":10597,"date":"2016-02-11T18:25:39","date_gmt":"2016-02-11T18:25:39","guid":{"rendered":""},"modified":"2016-02-11T18:25:39","modified_gmt":"2016-02-11T18:25:39","slug":"cuello-de-texto-nueva-epidemia-de-salud-en-crecimiento","status":"publish","type":"post","link":"https:\/\/sertv.gob.pa\/nacionalfm\/cuello-de-texto-nueva-epidemia-de-salud-en-crecimiento\/","title":{"rendered":"\u201cCuello de texto\u201d, nueva epidemia de salud en crecimiento"},"content":{"rendered":"<p>\nEl cuello est\u00e1 dise\u00f1ado para cargar la cabeza, o aproximadamente 12 libras de peso en posici\u00f3n neutral. No obstante, a medida que vamos inclinando el cuello hacia adelante, la carga de la cabeza sobre las v\u00e9rtebras cervicales aumenta considerablemente. <\/p>\n<p>A 15 grados de inclinaci\u00f3n, el peso de la cabeza aumenta a 27 libras, a 30 grados, son 40 libras, a 45 grados, la cabeza pesa 49 libras y a 60 grados, estamos cargando con 60 libras, cinco veces su peso original. As\u00ed lo describe un estudio publicado por el Dr. Kenneth K. Hansraj, jefe de cirug\u00eda de la columna para el New York Spine Surgery &#038; Rehabilitation Medicine. <\/p>\n<p>Este tipo de presi\u00f3n a la larga puede ocasionar lo que se conoce como &lsquo;text neck&#8217; o &lsquo;cuello de texto&#8217;, una nueva epidemia de salud relacionada a la posici\u00f3n t\u00edpica que adquieren las personas cuando revisan su celular. <\/p>\n<p>Afortunadamente, no todo est\u00e1 perdido y existen formas para prevenir el desarrollo o progreso del &lsquo;text neck&#8217;. <\/p>\n<p>Algunas recomendaciones de Spine Health incluyen sostener el celular a la altura de los ojos lo m\u00e1s posible, una sugerencia que aplica para cualquier pantalla (computadoras, tabletas), para evitar la inclinaci\u00f3n en el cuello. <\/p>\n<p>Igualmente sugieren tomarse descansos frecuentes del celular o las pantallas a lo largo del d\u00eda. &lsquo;Establece una alarma que te recuerde levantarte y caminar por unos 20 minutos&#8217;. <\/p>\n<p>Por otro lado, para los trabajadores de oficina, propone asegurar que la pantalla est\u00e9 posicionada de manera que permita mirarla de frente, con la cabeza alineada a los hombros y la columna. <\/p>\n<p>Por su parte, Salda\u00f1a concuerda con que cualquier postura da\u00f1ina se debe corregir antes de que sea muy tarde y que la silla de oficina es crucial si se est\u00e1 mucho tiempo en un escritorio. <\/p>\n<p>&lsquo;Esta debe tener soporte lumbar, soporte para los antebrazos a la misma altura que el escritorio, y soporte para el cuello&#8217;. <\/p>\n<p>\u00a0 <\/p>\n","protected":false},"excerpt":{"rendered":"<p>El cuello est\u00e1 dise\u00f1ado para cargar la cabeza, o aproximadamente <a href=\"https:\/\/sertv.gob.pa\/nacionalfm\/cuello-de-texto-nueva-epidemia-de-salud-en-crecimiento\/\"> [&#8230;]<\/a><\/p>\n","protected":false},"author":1,"featured_media":10598,"comment_status":"closed","ping_status":"closed","sticky":false,"template":"","format":"standard","meta":{"footnotes":""},"categories":[5],"tags":[],"class_list":["post-10597","post","type-post","status-publish","format-standard","has-post-thumbnail","hentry","category-salud"],"_links":{"self":[{"href":"https:\/\/sertv.gob.pa\/nacionalfm\/wp-json\/wp\/v2\/posts\/10597","targetHints":{"allow":["GET"]}}],"collection":[{"href":"https:\/\/sertv.gob.pa\/nacionalfm\/wp-json\/wp\/v2\/posts"}],"about":[{"href":"https:\/\/sertv.gob.pa\/nacionalfm\/wp-json\/wp\/v2\/types\/post"}],"author":[{"embeddable":true,"href":"https:\/\/sertv.gob.pa\/nacionalfm\/wp-json\/wp\/v2\/users\/1"}],"replies":[{"embeddable":true,"href":"https:\/\/sertv.gob.pa\/nacionalfm\/wp-json\/wp\/v2\/comments?post=10597"}],"version-history":[{"count":0,"href":"https:\/\/sertv.gob.pa\/nacionalfm\/wp-json\/wp\/v2\/posts\/10597\/revisions"}],"wp:featuredmedia":[{"embeddable":true,"href":"https:\/\/sertv.gob.pa\/nacionalfm\/wp-json\/wp\/v2\/media\/10598"}],"wp:attachment":[{"href":"https:\/\/sertv.gob.pa\/nacionalfm\/wp-json\/wp\/v2\/media?parent=10597"}],"wp:term":[{"taxonomy":"category","embeddable":true,"href":"https:\/\/sertv.gob.pa\/nacionalfm\/wp-json\/wp\/v2\/categories?post=10597"},{"taxonomy":"post_tag","embeddable":true,"href":"https:\/\/sertv.gob.pa\/nacionalfm\/wp-json\/wp\/v2\/tags?post=10597"}],"curies":[{"name":"wp","href":"https:\/\/api.w.org\/{rel}","templated":true}]}}