{"id":10605,"date":"2016-02-11T20:23:12","date_gmt":"2016-02-11T20:23:12","guid":{"rendered":""},"modified":"2016-02-11T20:23:12","modified_gmt":"2016-02-11T20:23:12","slug":"personas-con-discapacidad-esperan-escalar-volcan-baru","status":"publish","type":"post","link":"https:\/\/sertv.gob.pa\/nacionalfm\/personas-con-discapacidad-esperan-escalar-volcan-baru\/","title":{"rendered":"Personas con discapacidad esperan escalar Volc\u00e1n Bar\u00fa"},"content":{"rendered":"<p>\nMuchas personas con discapacidad con el af\u00e1n de superaci\u00f3n y retos impresionantes, entre ellos un grupo de m\u00e1s de 50 personas con discapacidad visual, encabezados por los paname\u00f1os Roger Saavedra y Ana Raquel G\u00e1lvez, quienes pretenden escalar el punto m\u00e1s alto de nuestro pa\u00eds, el Voc\u00e1n Bar\u00fa. <\/p>\n<p>El evento denominado Trekking Volc\u00e1n Bar\u00fa en su tercera edici\u00f3n es organizado por\u00a0 Asociaci\u00f3n Paname\u00f1a con Discapacidad Visual (APPEDIVI) y el Instituto Paname\u00f1o de Deportes, adem\u00e1s cuenta con el apoyo del Servicio Nacional de Fronteras (SENAFRONT) Ministerio de Salud (MINSA) y el Instituto Paname\u00f1o de Habilitaci\u00f3n Especial\u00a0 (IPHE) <\/p>\n<p>Entre el 20 y 21 de febrero la meta ser\u00e1 llegar a la cima a una altura de 3 mil 475 metros sobre el nivel del mar en 10 horas, pero para ello deber\u00e1n ascender m\u00e1s de 10 kil\u00f3metros a campo traviesa, por un dif\u00edcil y escabroso terreno, bajo\u00a0 temperaturas cercanas a 0 grados. <\/p>\n<p>Expertos monta\u00f1istas del Sistema Nacional de Protecci\u00f3n Civil (SINAPROC) y el Servicio Aeronaval (SENAN) ser\u00e1n los gu\u00edas de cada uno de los escaladores para este reto.\u00a0 <\/p>\n<p>En esta versi\u00f3n ya el evento ha trascendido nuestras fronteras confirm\u00e1ndose la participaci\u00f3n de 20 monta\u00f1istas con discapacidad visual de Argentina, Colombia, Costa Rica, Honduras, El Salvador y Estados Unidos. <\/p>\n<p>\u00a0 <\/p>\n","protected":false},"excerpt":{"rendered":"<p>Muchas personas con discapacidad con el af\u00e1n de superaci\u00f3n y <a href=\"https:\/\/sertv.gob.pa\/nacionalfm\/personas-con-discapacidad-esperan-escalar-volcan-baru\/\"> [&#8230;]<\/a><\/p>\n","protected":false},"author":1,"featured_media":10606,"comment_status":"closed","ping_status":"closed","sticky":false,"template":"","format":"standard","meta":{"footnotes":""},"categories":[4],"tags":[],"class_list":["post-10605","post","type-post","status-publish","format-standard","has-post-thumbnail","hentry","category-deportes"],"_links":{"self":[{"href":"https:\/\/sertv.gob.pa\/nacionalfm\/wp-json\/wp\/v2\/posts\/10605","targetHints":{"allow":["GET"]}}],"collection":[{"href":"https:\/\/sertv.gob.pa\/nacionalfm\/wp-json\/wp\/v2\/posts"}],"about":[{"href":"https:\/\/sertv.gob.pa\/nacionalfm\/wp-json\/wp\/v2\/types\/post"}],"author":[{"embeddable":true,"href":"https:\/\/sertv.gob.pa\/nacionalfm\/wp-json\/wp\/v2\/users\/1"}],"replies":[{"embeddable":true,"href":"https:\/\/sertv.gob.pa\/nacionalfm\/wp-json\/wp\/v2\/comments?post=10605"}],"version-history":[{"count":0,"href":"https:\/\/sertv.gob.pa\/nacionalfm\/wp-json\/wp\/v2\/posts\/10605\/revisions"}],"wp:featuredmedia":[{"embeddable":true,"href":"https:\/\/sertv.gob.pa\/nacionalfm\/wp-json\/wp\/v2\/media\/10606"}],"wp:attachment":[{"href":"https:\/\/sertv.gob.pa\/nacionalfm\/wp-json\/wp\/v2\/media?parent=10605"}],"wp:term":[{"taxonomy":"category","embeddable":true,"href":"https:\/\/sertv.gob.pa\/nacionalfm\/wp-json\/wp\/v2\/categories?post=10605"},{"taxonomy":"post_tag","embeddable":true,"href":"https:\/\/sertv.gob.pa\/nacionalfm\/wp-json\/wp\/v2\/tags?post=10605"}],"curies":[{"name":"wp","href":"https:\/\/api.w.org\/{rel}","templated":true}]}}