{"id":10609,"date":"2016-02-11T22:35:15","date_gmt":"2016-02-11T22:35:15","guid":{"rendered":""},"modified":"2016-02-11T22:35:15","modified_gmt":"2016-02-11T22:35:15","slug":"fepaba-se-reune-con-autoridades-de-fiba-en-el-hotel-panama","status":"publish","type":"post","link":"https:\/\/sertv.gob.pa\/nacionalfm\/fepaba-se-reune-con-autoridades-de-fiba-en-el-hotel-panama\/","title":{"rendered":"FEPABA se re\u00fane con autoridades de FIBA en el Hotel Panam\u00e1"},"content":{"rendered":"<p>\nLa Junta Directiva de la Federaci\u00f3n Paname\u00f1a de Baloncesto se reuni\u00f3 con las autoridades de FIBA en el Sal\u00f3n Bambito del Hotel Panam\u00e1 en donde se dio a conocer el Nuevo Sistema de Competencias de FIBA 2017-2021 para la Regi\u00f3n del Continente Americano. <\/p>\n<p>Estuvieron presentes en dicha reuni\u00f3n \u00a0por FIBA las siguientes autoridades: Alberto Garc\u00eda, Javier Otero, Luca Garc\u00eda, Pedrag Bogosavljev, Fabien Hoeppe; mientras que por la Junta Directiva de la FEPABA participaron: Jair Peralta &ndash; Presidente de la FEPABA, Eduardo Cerda &ndash; Vice-Presidente, Juan Carlos Arjona &ndash; Secretario Ejecutivo, Ricardo Serrac\u00edn &ndash; Vocal, Mois\u00e9s Chanis &ndash; Fiscal, Manuel Escudero &ndash; Prensa y Adolfo Tom\u00e1s Valderrama Rodr\u00edguez &ndash; Presidente de la Liga Paname\u00f1a de Baloncesto &ndash; LPB. <\/p>\n<p>El primero en tomar la palabra lo fue Javier Otero &ndash; Director de Competiciones de Am\u00e9rica que dio a conocer la Introducci\u00f3n y el Historial de FIBA en la cual mostr\u00f3 las estrategias, objetivos al igual que la misi\u00f3n y los valores con la cual se llega a los Sistemas Nuevos de Competencias con miras al Mundial de Baloncesto del 2019. <\/p>\n<p>De igual forma explic\u00f3 a todos los presentes, la Implementaci\u00f3n y sobre la Estructura Organizacional de las Federaciones a nivel mundial, los procedimientos y finalmente las preguntas y respuestas de la primera parte. <\/p>\n<p>\u00a0A segunda hora Luca Garc\u00eda &ndash; Coordinador de Tecnolog\u00eda y Eventos present\u00f3 las Obligaciones de FIBA, los Derechos de las Federaciones Nacionales y los Derechos Reservados de FIBA, \u00e9sto incluye los Derechos de Televisi\u00f3n. <\/p>\n<p>Dentro de las Obligaciones de las Federaciones Nacionales est\u00e1n las responsabilidades cuando jueguen de locales como tambi\u00e9n cuando les toque viajar e ir de visitantes. <\/p>\n<p>Finalmente se aclararon perfectamente todas las nuevas regulaciones por parte de las Autoridades de FIBA para toda la Junta Directiva de la Federaci\u00f3n Paname\u00f1a de Baloncesto &ndash; FEPABA. <\/p>\n<p>\u00a0 <\/p>\n","protected":false},"excerpt":{"rendered":"<p>La Junta Directiva de la Federaci\u00f3n Paname\u00f1a de Baloncesto se <a href=\"https:\/\/sertv.gob.pa\/nacionalfm\/fepaba-se-reune-con-autoridades-de-fiba-en-el-hotel-panama\/\"> [&#8230;]<\/a><\/p>\n","protected":false},"author":1,"featured_media":10610,"comment_status":"closed","ping_status":"closed","sticky":false,"template":"","format":"standard","meta":{"footnotes":""},"categories":[4],"tags":[],"class_list":["post-10609","post","type-post","status-publish","format-standard","has-post-thumbnail","hentry","category-deportes"],"_links":{"self":[{"href":"https:\/\/sertv.gob.pa\/nacionalfm\/wp-json\/wp\/v2\/posts\/10609","targetHints":{"allow":["GET"]}}],"collection":[{"href":"https:\/\/sertv.gob.pa\/nacionalfm\/wp-json\/wp\/v2\/posts"}],"about":[{"href":"https:\/\/sertv.gob.pa\/nacionalfm\/wp-json\/wp\/v2\/types\/post"}],"author":[{"embeddable":true,"href":"https:\/\/sertv.gob.pa\/nacionalfm\/wp-json\/wp\/v2\/users\/1"}],"replies":[{"embeddable":true,"href":"https:\/\/sertv.gob.pa\/nacionalfm\/wp-json\/wp\/v2\/comments?post=10609"}],"version-history":[{"count":0,"href":"https:\/\/sertv.gob.pa\/nacionalfm\/wp-json\/wp\/v2\/posts\/10609\/revisions"}],"wp:featuredmedia":[{"embeddable":true,"href":"https:\/\/sertv.gob.pa\/nacionalfm\/wp-json\/wp\/v2\/media\/10610"}],"wp:attachment":[{"href":"https:\/\/sertv.gob.pa\/nacionalfm\/wp-json\/wp\/v2\/media?parent=10609"}],"wp:term":[{"taxonomy":"category","embeddable":true,"href":"https:\/\/sertv.gob.pa\/nacionalfm\/wp-json\/wp\/v2\/categories?post=10609"},{"taxonomy":"post_tag","embeddable":true,"href":"https:\/\/sertv.gob.pa\/nacionalfm\/wp-json\/wp\/v2\/tags?post=10609"}],"curies":[{"name":"wp","href":"https:\/\/api.w.org\/{rel}","templated":true}]}}