{"id":106180,"date":"2025-04-10T10:53:30","date_gmt":"2025-04-10T15:53:30","guid":{"rendered":"https:\/\/sertv.gob.pa\/nacionalfm\/?p=106180"},"modified":"2025-04-10T10:53:30","modified_gmt":"2025-04-10T15:53:30","slug":"minsa-y-udelas-realizan-capacitacion-sobre-salud-mental-en-los-santos","status":"publish","type":"post","link":"https:\/\/sertv.gob.pa\/nacionalfm\/minsa-y-udelas-realizan-capacitacion-sobre-salud-mental-en-los-santos\/","title":{"rendered":"MINSA y UDELAS realizan capacitaci\u00f3n sobre salud mental en Los Santos"},"content":{"rendered":"<div class=\"fusion-fullwidth fullwidth-box fusion-builder-row-1 fusion-flex-container nonhundred-percent-fullwidth non-hundred-percent-height-scrolling\" style=\"--awb-border-radius-top-left:0px;--awb-border-radius-top-right:0px;--awb-border-radius-bottom-right:0px;--awb-border-radius-bottom-left:0px;--awb-flex-wrap:wrap;\" ><div class=\"fusion-builder-row fusion-row fusion-flex-align-items-flex-start fusion-flex-content-wrap\" style=\"max-width:1144px;margin-left: calc(-4% \/ 2 );margin-right: calc(-4% \/ 2 );\"><div class=\"fusion-layout-column fusion_builder_column fusion-builder-column-0 fusion_builder_column_1_1 1_1 fusion-flex-column\" style=\"--awb-bg-size:cover;--awb-width-large:100%;--awb-margin-top-large:0px;--awb-spacing-right-large:1.92%;--awb-margin-bottom-large:0px;--awb-spacing-left-large:1.92%;--awb-width-medium:100%;--awb-spacing-right-medium:1.92%;--awb-spacing-left-medium:1.92%;--awb-width-small:100%;--awb-spacing-right-small:1.92%;--awb-spacing-left-small:1.92%;\"><div class=\"fusion-column-wrapper fusion-flex-justify-content-flex-start fusion-content-layout-column\"><div class=\"fusion-text fusion-text-1\"><p style=\"text-align: left\"><strong>La Regi\u00f3n de Salud de Los Santos en conjunto con la Universidad Especializada de las Am\u00e9ricas (UDELAS), dio inicio esta semana, del programa de capacitaci\u00f3n dirigido a fortalecer los conocimientos, aptitudes y pr\u00e1cticas en el manejo de trastornos mentales.<\/strong><\/p>\n<p style=\"text-align: left\"><strong>La jornada que estuvo a cargo del Lic. H\u00e9ctor Camarena, psic\u00f3logo y doctorando de esta prestigiosa universidad, cuenta con la participaci\u00f3n de 50 profesionales de la salud, entre m\u00e9dicos y enfermeras, provenientes de los siete distritos de salud y dos hospitales de la regi\u00f3n.<\/strong><\/p>\n<p style=\"text-align: left\"><em><strong>Durante el acto de apertura, el director regional de Salud, Dr. Antonio Manuel Gonz\u00e1lez, destac\u00f3 que \u00abla salud mental es el estado de equilibrio entre una persona y su entorno social y cultural, y constituye un pilar esencial para el bienestar y el funcionamiento integral del individuo\u00bb.<\/strong><\/em><\/p>\n<p style=\"text-align: left\"><strong>El programa, incluye 40 horas de formaci\u00f3n presencial, que combina teor\u00eda y talleres pr\u00e1cticos, as\u00ed como 40 horas adicionales de aprendizaje a distancia que busca fortalecer la capacidad de respuesta del personal sanitario en sus labores diarias, promoviendo una atenci\u00f3n m\u00e1s integral y humanizada.<\/strong><\/p>\n<p style=\"text-align: left\">Fuente: MINSA<\/p>\n<\/div><div class=\"awb-gallery-wrapper awb-gallery-wrapper-1 button-span-no\" style=\"--more-btn-alignment:center;\"><div style=\"margin:-5px;--awb-bordersize:0px;\" class=\"fusion-gallery fusion-gallery-container fusion-grid-3 fusion-columns-total-2 fusion-gallery-layout-grid fusion-gallery-1\"><div style=\"padding:5px;\" class=\"fusion-grid-column fusion-gallery-column fusion-gallery-column-3 hover-type-none\"><div class=\"fusion-gallery-image\"><a href=\"https:\/\/sertv.gob.pa\/nacionalfm\/wp-content\/uploads\/sites\/6\/2025\/04\/MINSA-Y-UDELAS-2.jpeg\" rel=\"noreferrer\" data-rel=\"iLightbox[gallery_image_1]\" class=\"fusion-lightbox\" target=\"_self\"><img decoding=\"async\" src=\"https:\/\/sertv.gob.pa\/nacionalfm\/wp-content\/uploads\/sites\/6\/2025\/04\/MINSA-Y-UDELAS-2.jpeg\" width=\"600\" height=\"450\" alt=\"\" title=\"MINSA Y UDELAS 2\" aria-label=\"MINSA Y UDELAS 2\" class=\"img-responsive wp-image-106182\" srcset=\"https:\/\/sertv.gob.pa\/nacionalfm\/wp-content\/uploads\/sites\/6\/2025\/04\/MINSA-Y-UDELAS-2-200x150.jpeg 200w, https:\/\/sertv.gob.pa\/nacionalfm\/wp-content\/uploads\/sites\/6\/2025\/04\/MINSA-Y-UDELAS-2-400x300.jpeg 400w, https:\/\/sertv.gob.pa\/nacionalfm\/wp-content\/uploads\/sites\/6\/2025\/04\/MINSA-Y-UDELAS-2.jpeg 600w\" sizes=\"(min-width: 2200px) 100vw, (min-width: 784px) 363px, (min-width: 712px) 545px, (min-width: 640px) 712px, \" \/><\/a><\/div><\/div><div style=\"padding:5px;\" class=\"fusion-grid-column fusion-gallery-column fusion-gallery-column-3 hover-type-none\"><div class=\"fusion-gallery-image\"><a href=\"https:\/\/sertv.gob.pa\/nacionalfm\/wp-content\/uploads\/sites\/6\/2025\/04\/MINSA-Y-UDELAS-1.jpeg\" rel=\"noreferrer\" data-rel=\"iLightbox[gallery_image_1]\" class=\"fusion-lightbox\" target=\"_self\"><img decoding=\"async\" src=\"https:\/\/sertv.gob.pa\/nacionalfm\/wp-content\/uploads\/sites\/6\/2025\/04\/MINSA-Y-UDELAS-1.jpeg\" width=\"600\" height=\"450\" alt=\"\" title=\"MINSA Y UDELAS 1\" aria-label=\"MINSA Y UDELAS 1\" class=\"img-responsive wp-image-106184\" srcset=\"https:\/\/sertv.gob.pa\/nacionalfm\/wp-content\/uploads\/sites\/6\/2025\/04\/MINSA-Y-UDELAS-1-200x150.jpeg 200w, https:\/\/sertv.gob.pa\/nacionalfm\/wp-content\/uploads\/sites\/6\/2025\/04\/MINSA-Y-UDELAS-1-400x300.jpeg 400w, https:\/\/sertv.gob.pa\/nacionalfm\/wp-content\/uploads\/sites\/6\/2025\/04\/MINSA-Y-UDELAS-1.jpeg 600w\" sizes=\"(min-width: 2200px) 100vw, (min-width: 784px) 363px, (min-width: 712px) 545px, (min-width: 640px) 712px, \" \/><\/a><\/div><\/div><\/div><\/div><\/div><\/div><\/div><\/div>\n","protected":false},"excerpt":{"rendered":"","protected":false},"author":9,"featured_media":106181,"comment_status":"closed","ping_status":"closed","sticky":false,"template":"","format":"standard","meta":{"footnotes":""},"categories":[5],"tags":[],"class_list":["post-106180","post","type-post","status-publish","format-standard","has-post-thumbnail","hentry","category-salud"],"_links":{"self":[{"href":"https:\/\/sertv.gob.pa\/nacionalfm\/wp-json\/wp\/v2\/posts\/106180","targetHints":{"allow":["GET"]}}],"collection":[{"href":"https:\/\/sertv.gob.pa\/nacionalfm\/wp-json\/wp\/v2\/posts"}],"about":[{"href":"https:\/\/sertv.gob.pa\/nacionalfm\/wp-json\/wp\/v2\/types\/post"}],"author":[{"embeddable":true,"href":"https:\/\/sertv.gob.pa\/nacionalfm\/wp-json\/wp\/v2\/users\/9"}],"replies":[{"embeddable":true,"href":"https:\/\/sertv.gob.pa\/nacionalfm\/wp-json\/wp\/v2\/comments?post=106180"}],"version-history":[{"count":1,"href":"https:\/\/sertv.gob.pa\/nacionalfm\/wp-json\/wp\/v2\/posts\/106180\/revisions"}],"predecessor-version":[{"id":106185,"href":"https:\/\/sertv.gob.pa\/nacionalfm\/wp-json\/wp\/v2\/posts\/106180\/revisions\/106185"}],"wp:featuredmedia":[{"embeddable":true,"href":"https:\/\/sertv.gob.pa\/nacionalfm\/wp-json\/wp\/v2\/media\/106181"}],"wp:attachment":[{"href":"https:\/\/sertv.gob.pa\/nacionalfm\/wp-json\/wp\/v2\/media?parent=106180"}],"wp:term":[{"taxonomy":"category","embeddable":true,"href":"https:\/\/sertv.gob.pa\/nacionalfm\/wp-json\/wp\/v2\/categories?post=106180"},{"taxonomy":"post_tag","embeddable":true,"href":"https:\/\/sertv.gob.pa\/nacionalfm\/wp-json\/wp\/v2\/tags?post=106180"}],"curies":[{"name":"wp","href":"https:\/\/api.w.org\/{rel}","templated":true}]}}