{"id":10619,"date":"2016-02-12T15:10:47","date_gmt":"2016-02-12T15:10:47","guid":{"rendered":""},"modified":"2016-02-12T15:10:47","modified_gmt":"2016-02-12T15:10:47","slug":"en-unas-semanas-oms-sabra-si-el-zika-ocasiona-microcefalia","status":"publish","type":"post","link":"https:\/\/sertv.gob.pa\/nacionalfm\/en-unas-semanas-oms-sabra-si-el-zika-ocasiona-microcefalia\/","title":{"rendered":"En unas semanas OMS sabr\u00e1 si el zika ocasiona microcefalia"},"content":{"rendered":"<p>\nLa  Organizaci\u00f3n Mundial de la Salud \u00a0(OMS) sabr\u00e1 en unas semanas si el  virus del zika \u00a0ocasiona microcefalia y el s\u00edndrome de  Guillain-Barr\u00e9 . <\/p>\n<p>Unos 15 laboratorios y agencias de investigaci\u00f3n en todo el mundo laboran actualmente en vacunas, seg\u00fan la subdirectora de la OMS, la doctora Marie-Paule Kieny. <\/p>\n<p>Dos de estas  vacunas \u00a0parecen prometedoras: una desarrollada por el Instituto Nacional de Salud (INH) de  Estados Unidos  y otro por el laboratorio indio Bharat Biotech, explic\u00f3 en una rueda de prensa. <\/p>\n<p>&ldquo;A pesar de este paisaje alentador, no habr\u00e1 ensayos (cl\u00ednicos, NDLR) a gran escala de vacunas antes de por lo menos 18 meses&rdquo;, advirti\u00f3. <\/p>\n<p>La doctora Kieny tambi\u00e9n dijo que los expertos necesitar\u00e1n todav\u00eda entre cuatro y ocho semanas para establecer el papel que desempe\u00f1a el virus del zika en la aparici\u00f3n de microcefalias entre los beb\u00e9s nacidos de madres infectadas y del s\u00edndrome neurol\u00f3gico de Guillain-Barr\u00e9 entre las personas picadas por el mosquito portador del virus. <\/p>\n<p>\u00a0 <\/p>\n<p>\u00a0 <\/p>\n","protected":false},"excerpt":{"rendered":"<p>La Organizaci\u00f3n Mundial de la Salud \u00a0(OMS) sabr\u00e1 en unas <a href=\"https:\/\/sertv.gob.pa\/nacionalfm\/en-unas-semanas-oms-sabra-si-el-zika-ocasiona-microcefalia\/\"> [&#8230;]<\/a><\/p>\n","protected":false},"author":1,"featured_media":10620,"comment_status":"closed","ping_status":"closed","sticky":false,"template":"","format":"standard","meta":{"footnotes":""},"categories":[5],"tags":[],"class_list":["post-10619","post","type-post","status-publish","format-standard","has-post-thumbnail","hentry","category-salud"],"_links":{"self":[{"href":"https:\/\/sertv.gob.pa\/nacionalfm\/wp-json\/wp\/v2\/posts\/10619","targetHints":{"allow":["GET"]}}],"collection":[{"href":"https:\/\/sertv.gob.pa\/nacionalfm\/wp-json\/wp\/v2\/posts"}],"about":[{"href":"https:\/\/sertv.gob.pa\/nacionalfm\/wp-json\/wp\/v2\/types\/post"}],"author":[{"embeddable":true,"href":"https:\/\/sertv.gob.pa\/nacionalfm\/wp-json\/wp\/v2\/users\/1"}],"replies":[{"embeddable":true,"href":"https:\/\/sertv.gob.pa\/nacionalfm\/wp-json\/wp\/v2\/comments?post=10619"}],"version-history":[{"count":0,"href":"https:\/\/sertv.gob.pa\/nacionalfm\/wp-json\/wp\/v2\/posts\/10619\/revisions"}],"wp:featuredmedia":[{"embeddable":true,"href":"https:\/\/sertv.gob.pa\/nacionalfm\/wp-json\/wp\/v2\/media\/10620"}],"wp:attachment":[{"href":"https:\/\/sertv.gob.pa\/nacionalfm\/wp-json\/wp\/v2\/media?parent=10619"}],"wp:term":[{"taxonomy":"category","embeddable":true,"href":"https:\/\/sertv.gob.pa\/nacionalfm\/wp-json\/wp\/v2\/categories?post=10619"},{"taxonomy":"post_tag","embeddable":true,"href":"https:\/\/sertv.gob.pa\/nacionalfm\/wp-json\/wp\/v2\/tags?post=10619"}],"curies":[{"name":"wp","href":"https:\/\/api.w.org\/{rel}","templated":true}]}}