{"id":10633,"date":"2016-02-12T19:16:31","date_gmt":"2016-02-12T19:16:31","guid":{"rendered":""},"modified":"2016-02-12T19:16:31","modified_gmt":"2016-02-12T19:16:31","slug":"lanzador-adan-frias-se-adjudica-el-premio-flaco-bala-hernandez","status":"publish","type":"post","link":"https:\/\/sertv.gob.pa\/nacionalfm\/lanzador-adan-frias-se-adjudica-el-premio-flaco-bala-hernandez\/","title":{"rendered":"Lanzador Ad\u00e1n Fr\u00edas se adjudica el premio \u201cFlaco Bala\u201d Hern\u00e1ndez"},"content":{"rendered":"<p>\nAd\u00e1n Fr\u00edas lanzador izquierdo de Panam\u00e1 Metro result\u00f3 el ganador del premio Roberto &ldquo;Flaco Bala&rdquo; Hern\u00e1ndez, al lanzador del a\u00f1o, del Campeonato Nacional de B\u00e9isbol Juvenil en la edici\u00f3n 47, 2016, dedicado a Ram\u00f3n &ldquo;Monchi &ldquo; Webster. <\/p>\n<p>Un total de 72 comunicadores de la Prensa Especializada fueron acreditados para ejercer su derecho al voto, de los cuales 46 registraron su nominaci\u00f3n, correspondi\u00e9ndole a Fr\u00edas 40 menciones. Breyci Ram\u00edrez, de la novena de Herrera, recibi\u00f3 dos votos y Gracek Pitty, de Panam\u00e1 Oeste, uno. Se computaron tres votos nulos. <\/p>\n<p>El izquierdo metropolitano, en su segunda temporada en campeonatos juveniles, acumul\u00f3 registros excelentes, los que le permitieron ganar la triple corona de los lanzadores. Fr\u00edas gan\u00f3 cuatro partidos, fue el m\u00e1ximo ponchador con 40, adem\u00e1s de lograr la mejor efectividad del torneo, con promedio de carreras limpias de 0.34. <\/p>\n","protected":false},"excerpt":{"rendered":"<p>Ad\u00e1n Fr\u00edas lanzador izquierdo de Panam\u00e1 Metro result\u00f3 el ganador <a href=\"https:\/\/sertv.gob.pa\/nacionalfm\/lanzador-adan-frias-se-adjudica-el-premio-flaco-bala-hernandez\/\"> [&#8230;]<\/a><\/p>\n","protected":false},"author":1,"featured_media":10634,"comment_status":"closed","ping_status":"closed","sticky":false,"template":"","format":"standard","meta":{"footnotes":""},"categories":[4],"tags":[],"class_list":["post-10633","post","type-post","status-publish","format-standard","has-post-thumbnail","hentry","category-deportes"],"_links":{"self":[{"href":"https:\/\/sertv.gob.pa\/nacionalfm\/wp-json\/wp\/v2\/posts\/10633","targetHints":{"allow":["GET"]}}],"collection":[{"href":"https:\/\/sertv.gob.pa\/nacionalfm\/wp-json\/wp\/v2\/posts"}],"about":[{"href":"https:\/\/sertv.gob.pa\/nacionalfm\/wp-json\/wp\/v2\/types\/post"}],"author":[{"embeddable":true,"href":"https:\/\/sertv.gob.pa\/nacionalfm\/wp-json\/wp\/v2\/users\/1"}],"replies":[{"embeddable":true,"href":"https:\/\/sertv.gob.pa\/nacionalfm\/wp-json\/wp\/v2\/comments?post=10633"}],"version-history":[{"count":0,"href":"https:\/\/sertv.gob.pa\/nacionalfm\/wp-json\/wp\/v2\/posts\/10633\/revisions"}],"wp:featuredmedia":[{"embeddable":true,"href":"https:\/\/sertv.gob.pa\/nacionalfm\/wp-json\/wp\/v2\/media\/10634"}],"wp:attachment":[{"href":"https:\/\/sertv.gob.pa\/nacionalfm\/wp-json\/wp\/v2\/media?parent=10633"}],"wp:term":[{"taxonomy":"category","embeddable":true,"href":"https:\/\/sertv.gob.pa\/nacionalfm\/wp-json\/wp\/v2\/categories?post=10633"},{"taxonomy":"post_tag","embeddable":true,"href":"https:\/\/sertv.gob.pa\/nacionalfm\/wp-json\/wp\/v2\/tags?post=10633"}],"curies":[{"name":"wp","href":"https:\/\/api.w.org\/{rel}","templated":true}]}}