{"id":10635,"date":"2016-02-12T19:35:24","date_gmt":"2016-02-12T19:35:24","guid":{"rendered":""},"modified":"2016-02-12T19:35:24","modified_gmt":"2016-02-12T19:35:24","slug":"liborio-solis-satisfecho-con-peso-para-pelea-titular-ante-yamanaka","status":"publish","type":"post","link":"https:\/\/sertv.gob.pa\/nacionalfm\/liborio-solis-satisfecho-con-peso-para-pelea-titular-ante-yamanaka\/","title":{"rendered":"Liborio Sol\u00eds satisfecho con peso para pelea titular ante Yamanaka"},"content":{"rendered":"<p>\nEl p\u00fagil venezolano radicado en Panam\u00e1 Liborio Sol\u00eds satisfecho por el peso que acus\u00f3 \u00a0ante un supervisor del Consejo Mundial de Boxeo, que un mes antes chequean el peso para encuentros titulares, y el vale estuvo por 9 libras arriba de las 118, que debe ajustar el pr\u00f3ximo 4 de marzo en Jap\u00f3n, ante el local Shinsuke Yamanaka. <\/p>\n<p>Sol\u00eds revel\u00f3 a Nacional FM que luego de su entrenamiento qued\u00f3 en 5 libras por encima del peso reglamentario, por lo que no tendr\u00e1 ning\u00fan problema el d\u00eda del pesaje oficial. <\/p>\n<p>El boxeador venezolano agreg\u00f3 que su trabajo de sparring aqu\u00ed en Panam\u00e1 lo ha desarrollado con el escurridizo Hern\u00e1n &ldquo;El Conquistador&rdquo; Cortez, porque es un p\u00fagil zurdo y h\u00e1bil en el contragolpe. <\/p>\n<p>El p\u00fagil Sol\u00eds espera viajar con su apoderado Manuel P\u00e9rez Barreiro y su entrenador Eduardo Mena el pr\u00f3ximo 22 de febrero. <\/p>\n","protected":false},"excerpt":{"rendered":"<p>El p\u00fagil venezolano radicado en Panam\u00e1 Liborio Sol\u00eds satisfecho por <a href=\"https:\/\/sertv.gob.pa\/nacionalfm\/liborio-solis-satisfecho-con-peso-para-pelea-titular-ante-yamanaka\/\"> [&#8230;]<\/a><\/p>\n","protected":false},"author":1,"featured_media":10636,"comment_status":"closed","ping_status":"closed","sticky":false,"template":"","format":"standard","meta":{"footnotes":""},"categories":[4],"tags":[],"class_list":["post-10635","post","type-post","status-publish","format-standard","has-post-thumbnail","hentry","category-deportes"],"_links":{"self":[{"href":"https:\/\/sertv.gob.pa\/nacionalfm\/wp-json\/wp\/v2\/posts\/10635","targetHints":{"allow":["GET"]}}],"collection":[{"href":"https:\/\/sertv.gob.pa\/nacionalfm\/wp-json\/wp\/v2\/posts"}],"about":[{"href":"https:\/\/sertv.gob.pa\/nacionalfm\/wp-json\/wp\/v2\/types\/post"}],"author":[{"embeddable":true,"href":"https:\/\/sertv.gob.pa\/nacionalfm\/wp-json\/wp\/v2\/users\/1"}],"replies":[{"embeddable":true,"href":"https:\/\/sertv.gob.pa\/nacionalfm\/wp-json\/wp\/v2\/comments?post=10635"}],"version-history":[{"count":0,"href":"https:\/\/sertv.gob.pa\/nacionalfm\/wp-json\/wp\/v2\/posts\/10635\/revisions"}],"wp:featuredmedia":[{"embeddable":true,"href":"https:\/\/sertv.gob.pa\/nacionalfm\/wp-json\/wp\/v2\/media\/10636"}],"wp:attachment":[{"href":"https:\/\/sertv.gob.pa\/nacionalfm\/wp-json\/wp\/v2\/media?parent=10635"}],"wp:term":[{"taxonomy":"category","embeddable":true,"href":"https:\/\/sertv.gob.pa\/nacionalfm\/wp-json\/wp\/v2\/categories?post=10635"},{"taxonomy":"post_tag","embeddable":true,"href":"https:\/\/sertv.gob.pa\/nacionalfm\/wp-json\/wp\/v2\/tags?post=10635"}],"curies":[{"name":"wp","href":"https:\/\/api.w.org\/{rel}","templated":true}]}}