{"id":106385,"date":"2025-04-15T10:09:41","date_gmt":"2025-04-15T15:09:41","guid":{"rendered":"https:\/\/sertv.gob.pa\/nacionalfm\/?p=106385"},"modified":"2025-04-15T10:09:41","modified_gmt":"2025-04-15T15:09:41","slug":"mejor-atencion-a-pacientes-css-renueva-su-flota-con-22-nuevas-ambulancias-equipadas-con-tecnologia-de-punta","status":"publish","type":"post","link":"https:\/\/sertv.gob.pa\/nacionalfm\/mejor-atencion-a-pacientes-css-renueva-su-flota-con-22-nuevas-ambulancias-equipadas-con-tecnologia-de-punta\/","title":{"rendered":"Mejor atenci\u00f3n a pacientes: CSS renueva su flota con 22 nuevas ambulancias equipadas con tecnolog\u00eda de punta"},"content":{"rendered":"<div class=\"fusion-fullwidth fullwidth-box fusion-builder-row-1 fusion-flex-container has-pattern-background has-mask-background nonhundred-percent-fullwidth non-hundred-percent-height-scrolling\" style=\"--awb-border-radius-top-left:0px;--awb-border-radius-top-right:0px;--awb-border-radius-bottom-right:0px;--awb-border-radius-bottom-left:0px;--awb-flex-wrap:wrap;\" ><div class=\"fusion-builder-row fusion-row fusion-flex-align-items-flex-start fusion-flex-content-wrap\" style=\"max-width:1144px;margin-left: calc(-4% \/ 2 );margin-right: calc(-4% \/ 2 );\"><div class=\"fusion-layout-column fusion_builder_column fusion-builder-column-0 fusion_builder_column_1_1 1_1 fusion-flex-column\" style=\"--awb-bg-size:cover;--awb-width-large:100%;--awb-margin-top-large:0px;--awb-spacing-right-large:1.92%;--awb-margin-bottom-large:20px;--awb-spacing-left-large:1.92%;--awb-width-medium:100%;--awb-order-medium:0;--awb-spacing-right-medium:1.92%;--awb-spacing-left-medium:1.92%;--awb-width-small:100%;--awb-order-small:0;--awb-spacing-right-small:1.92%;--awb-spacing-left-small:1.92%;\"><div class=\"fusion-column-wrapper fusion-column-has-shadow fusion-flex-justify-content-flex-start fusion-content-layout-column\"><div class=\"fusion-text fusion-text-1\" style=\"--awb-content-alignment:justify;\"><p><em><strong>Veintid\u00f3s nuevas ambulancias equipadas con tecnolog\u00eda avanzada para brindar una mejor atenci\u00f3n de urgencia a los pacientes y salvar vidas, recibi\u00f3 este viernes 11 de abril, la Caja de Seguro Social\u00a0 de Panam\u00e1 (CSS), de un total de 55 que adquiri\u00f3.<\/strong><\/em><\/p>\n<p><strong>Entre los equipos con que cuentan estas ambulancias, destacan ventiladores autom\u00e1ticos, resucitadores, desfibriladores (aparato que aplica descargas el\u00e9ctricas para restablecer el ritmo card\u00edaco), monitores card\u00edacos, doppler, e insumos quir\u00fargicos, destac\u00f3 el Dr.Carlos Cerrud, jefe del Departamento Nacional de Gesti\u00f3n de Emergencias, Desastres y Traslado de Pacientes.<\/strong><\/p>\n<p><strong>La dotaci\u00f3n de estos equipos, permitir\u00e1 brindar atenci\u00f3n con equipos de alta tecnolog\u00eda, permitiendo salvaguardar la vida e integridad de los pacientes durante su traslado.<\/strong><\/p>\n<p><strong>Tambi\u00e9n servir\u00e1n para trasladar de una forma m\u00e1s efectiva a pacientes desde una unidad ejecutora b\u00e1sica a otra de mayor complejidad.<\/strong><\/p>\n<p><strong>Estas 22 ambulancias, se suman al primer lote de 10 recibidas anteriormente. Se espera contar con otras tres este martes 15 de abril, con lo cual sumar\u00edan 35.<\/strong><\/p>\n<p><em><strong>Las ambulancias ser\u00e1n distribuidas en diferentes partes del pa\u00eds, para fortalecer la atenci\u00f3n que ofrece la CSS a nivel nacional y estar\u00e1n operadas por personal t\u00e9cnico capacitado.<\/strong><\/em><\/p>\n<p><strong>Las diez primeras ambulancias recibidas, fueron distribuidas en \u00e1reas como: Santiago de Veraguas, Aguadulce, San Carlos, Col\u00f3n y Panam\u00e1 Centro.<\/strong><\/p>\n<p><strong>Estos veh\u00edculos reemplazar\u00e1n la flota anterior, que ha mostrado deterioro, debido a la gran cantidad de traslados realizados, especialmente, durante la pandemia de COVID-19.<\/strong><\/p>\n<p>Fuente: CSS<\/p>\n<\/div><div class=\"awb-gallery-wrapper awb-gallery-wrapper-1 button-span-no\" style=\"--more-btn-alignment:center;\"><div style=\"margin:-5px;--awb-bordersize:0px;\" class=\"fusion-gallery fusion-gallery-container fusion-grid-3 fusion-columns-total-2 fusion-gallery-layout-grid fusion-gallery-1\"><div style=\"padding:5px;\" class=\"fusion-grid-column fusion-gallery-column fusion-gallery-column-3 hover-type-none\"><div class=\"fusion-gallery-image\"><a href=\"https:\/\/sertv.gob.pa\/nacionalfm\/wp-content\/uploads\/sites\/6\/2025\/04\/AMBULANCIAS-NUEVAS-CSS-1.jpg\" rel=\"noreferrer\" data-rel=\"iLightbox[gallery_image_1]\" class=\"fusion-lightbox\" target=\"_self\"><img decoding=\"async\" src=\"https:\/\/sertv.gob.pa\/nacionalfm\/wp-content\/uploads\/sites\/6\/2025\/04\/AMBULANCIAS-NUEVAS-CSS-1.jpg\" width=\"768\" height=\"576\" alt=\"\" title=\"AMBULANCIAS NUEVAS CSS 1\" aria-label=\"AMBULANCIAS NUEVAS CSS 1\" class=\"img-responsive wp-image-106387\" srcset=\"https:\/\/sertv.gob.pa\/nacionalfm\/wp-content\/uploads\/sites\/6\/2025\/04\/AMBULANCIAS-NUEVAS-CSS-1-200x150.jpg 200w, https:\/\/sertv.gob.pa\/nacionalfm\/wp-content\/uploads\/sites\/6\/2025\/04\/AMBULANCIAS-NUEVAS-CSS-1-400x300.jpg 400w, https:\/\/sertv.gob.pa\/nacionalfm\/wp-content\/uploads\/sites\/6\/2025\/04\/AMBULANCIAS-NUEVAS-CSS-1-600x450.jpg 600w, https:\/\/sertv.gob.pa\/nacionalfm\/wp-content\/uploads\/sites\/6\/2025\/04\/AMBULANCIAS-NUEVAS-CSS-1.jpg 768w\" sizes=\"(min-width: 2200px) 100vw, (min-width: 784px) 363px, (min-width: 712px) 545px, (min-width: 640px) 712px, \" \/><\/a><\/div><\/div><div style=\"padding:5px;\" class=\"fusion-grid-column fusion-gallery-column fusion-gallery-column-3 hover-type-none\"><div class=\"fusion-gallery-image\"><a href=\"https:\/\/sertv.gob.pa\/nacionalfm\/wp-content\/uploads\/sites\/6\/2025\/04\/AMBULANCIAS-NUEVAS-CSS-2.jpg\" rel=\"noreferrer\" data-rel=\"iLightbox[gallery_image_1]\" class=\"fusion-lightbox\" target=\"_self\"><img decoding=\"async\" src=\"https:\/\/sertv.gob.pa\/nacionalfm\/wp-content\/uploads\/sites\/6\/2025\/04\/AMBULANCIAS-NUEVAS-CSS-2.jpg\" width=\"768\" height=\"576\" alt=\"\" title=\"AMBULANCIAS NUEVAS CSS 2\" aria-label=\"AMBULANCIAS NUEVAS CSS 2\" class=\"img-responsive wp-image-106388\" srcset=\"https:\/\/sertv.gob.pa\/nacionalfm\/wp-content\/uploads\/sites\/6\/2025\/04\/AMBULANCIAS-NUEVAS-CSS-2-200x150.jpg 200w, https:\/\/sertv.gob.pa\/nacionalfm\/wp-content\/uploads\/sites\/6\/2025\/04\/AMBULANCIAS-NUEVAS-CSS-2-400x300.jpg 400w, https:\/\/sertv.gob.pa\/nacionalfm\/wp-content\/uploads\/sites\/6\/2025\/04\/AMBULANCIAS-NUEVAS-CSS-2-600x450.jpg 600w, https:\/\/sertv.gob.pa\/nacionalfm\/wp-content\/uploads\/sites\/6\/2025\/04\/AMBULANCIAS-NUEVAS-CSS-2.jpg 768w\" sizes=\"(min-width: 2200px) 100vw, (min-width: 784px) 363px, (min-width: 712px) 545px, (min-width: 640px) 712px, \" \/><\/a><\/div><\/div><\/div><\/div><\/div><\/div><\/div><\/div>\n","protected":false},"excerpt":{"rendered":"","protected":false},"author":9,"featured_media":106386,"comment_status":"closed","ping_status":"closed","sticky":false,"template":"","format":"standard","meta":{"footnotes":""},"categories":[5],"tags":[],"class_list":["post-106385","post","type-post","status-publish","format-standard","has-post-thumbnail","hentry","category-salud"],"_links":{"self":[{"href":"https:\/\/sertv.gob.pa\/nacionalfm\/wp-json\/wp\/v2\/posts\/106385","targetHints":{"allow":["GET"]}}],"collection":[{"href":"https:\/\/sertv.gob.pa\/nacionalfm\/wp-json\/wp\/v2\/posts"}],"about":[{"href":"https:\/\/sertv.gob.pa\/nacionalfm\/wp-json\/wp\/v2\/types\/post"}],"author":[{"embeddable":true,"href":"https:\/\/sertv.gob.pa\/nacionalfm\/wp-json\/wp\/v2\/users\/9"}],"replies":[{"embeddable":true,"href":"https:\/\/sertv.gob.pa\/nacionalfm\/wp-json\/wp\/v2\/comments?post=106385"}],"version-history":[{"count":1,"href":"https:\/\/sertv.gob.pa\/nacionalfm\/wp-json\/wp\/v2\/posts\/106385\/revisions"}],"predecessor-version":[{"id":106389,"href":"https:\/\/sertv.gob.pa\/nacionalfm\/wp-json\/wp\/v2\/posts\/106385\/revisions\/106389"}],"wp:featuredmedia":[{"embeddable":true,"href":"https:\/\/sertv.gob.pa\/nacionalfm\/wp-json\/wp\/v2\/media\/106386"}],"wp:attachment":[{"href":"https:\/\/sertv.gob.pa\/nacionalfm\/wp-json\/wp\/v2\/media?parent=106385"}],"wp:term":[{"taxonomy":"category","embeddable":true,"href":"https:\/\/sertv.gob.pa\/nacionalfm\/wp-json\/wp\/v2\/categories?post=106385"},{"taxonomy":"post_tag","embeddable":true,"href":"https:\/\/sertv.gob.pa\/nacionalfm\/wp-json\/wp\/v2\/tags?post=106385"}],"curies":[{"name":"wp","href":"https:\/\/api.w.org\/{rel}","templated":true}]}}