{"id":106499,"date":"2025-04-17T07:46:30","date_gmt":"2025-04-17T12:46:30","guid":{"rendered":"https:\/\/sertv.gob.pa\/nacionalfm\/?p=106499"},"modified":"2025-04-17T07:46:52","modified_gmt":"2025-04-17T12:46:52","slug":"comunicado-de-la-attt-de-panama-12","status":"publish","type":"post","link":"https:\/\/sertv.gob.pa\/nacionalfm\/comunicado-de-la-attt-de-panama-12\/","title":{"rendered":"Comunicado de la ATTT de Panam\u00e1"},"content":{"rendered":"<p><em><strong>Con motivo de la Semana Santa y para garantizar una movilidad segura, queda suspendida toda obra que implique ocupaci\u00f3n de carriles en la red vial nacional desde el jueves 17 de abril a las 12:01 a.m. hasta el lunes 21 de abril a las 3:00 a.m.<\/strong><\/em><\/p>\n<p><strong>Tramos afectados:<\/strong><\/p>\n<p><strong>Carretera Panamericana: Av. de los M\u00e1rtires hasta Paso Canoas<\/strong><\/p>\n<p><strong>V\u00eda Centenario: Rod Carew hasta Paso Canoas<\/strong><\/p>\n<p><strong>Corredor Sur \u2013 Chepo Centro<\/strong><\/p>\n<p><strong>Divisa \u2013 Las Tablas<\/strong><\/p>\n<p><strong>Durante este per\u00edodo, no se permitir\u00e1 ning\u00fan tipo de cierre o reducci\u00f3n de carriles.<\/strong><\/p>\n<p><strong>\u00a1Colaboremos para mantener el libre tr\u00e1nsito y una circulaci\u00f3n segura para todos!<\/strong><\/p>\n<p>&nbsp;<\/p>\n<p>Fuente: ATTT<\/p>\n","protected":false},"excerpt":{"rendered":"<p>Con motivo de la Semana Santa y para garantizar una <a href=\"https:\/\/sertv.gob.pa\/nacionalfm\/comunicado-de-la-attt-de-panama-12\/\"> [&#8230;]<\/a><\/p>\n","protected":false},"author":9,"featured_media":106500,"comment_status":"closed","ping_status":"closed","sticky":false,"template":"","format":"standard","meta":{"footnotes":""},"categories":[2],"tags":[],"class_list":["post-106499","post","type-post","status-publish","format-standard","has-post-thumbnail","hentry","category-nacionales"],"_links":{"self":[{"href":"https:\/\/sertv.gob.pa\/nacionalfm\/wp-json\/wp\/v2\/posts\/106499","targetHints":{"allow":["GET"]}}],"collection":[{"href":"https:\/\/sertv.gob.pa\/nacionalfm\/wp-json\/wp\/v2\/posts"}],"about":[{"href":"https:\/\/sertv.gob.pa\/nacionalfm\/wp-json\/wp\/v2\/types\/post"}],"author":[{"embeddable":true,"href":"https:\/\/sertv.gob.pa\/nacionalfm\/wp-json\/wp\/v2\/users\/9"}],"replies":[{"embeddable":true,"href":"https:\/\/sertv.gob.pa\/nacionalfm\/wp-json\/wp\/v2\/comments?post=106499"}],"version-history":[{"count":2,"href":"https:\/\/sertv.gob.pa\/nacionalfm\/wp-json\/wp\/v2\/posts\/106499\/revisions"}],"predecessor-version":[{"id":106502,"href":"https:\/\/sertv.gob.pa\/nacionalfm\/wp-json\/wp\/v2\/posts\/106499\/revisions\/106502"}],"wp:featuredmedia":[{"embeddable":true,"href":"https:\/\/sertv.gob.pa\/nacionalfm\/wp-json\/wp\/v2\/media\/106500"}],"wp:attachment":[{"href":"https:\/\/sertv.gob.pa\/nacionalfm\/wp-json\/wp\/v2\/media?parent=106499"}],"wp:term":[{"taxonomy":"category","embeddable":true,"href":"https:\/\/sertv.gob.pa\/nacionalfm\/wp-json\/wp\/v2\/categories?post=106499"},{"taxonomy":"post_tag","embeddable":true,"href":"https:\/\/sertv.gob.pa\/nacionalfm\/wp-json\/wp\/v2\/tags?post=106499"}],"curies":[{"name":"wp","href":"https:\/\/api.w.org\/{rel}","templated":true}]}}