{"id":1065,"date":"2014-08-18T05:00:00","date_gmt":"2014-08-18T05:00:00","guid":{"rendered":""},"modified":"2014-08-18T05:00:00","modified_gmt":"2014-08-18T05:00:00","slug":"el-exceso-de-sal-ocasiona-problemas-con-la-salud","status":"publish","type":"post","link":"https:\/\/sertv.gob.pa\/nacionalfm\/el-exceso-de-sal-ocasiona-problemas-con-la-salud\/","title":{"rendered":"El exceso de sal ocasiona problemas con la salud"},"content":{"rendered":"<p>\nSeg\u00fan \u00a0un estudio publicado en la New England Journal of Medicine,  el exceso de sal puede ocasionar alta presi\u00f3n sangu\u00ednea, que es un factor vinculante a enfermedades card\u00edacas y aploplej\u00edas.  <\/p>\n<p>Estas muertes \u00abrepresentan casi una de cada diez muertes por motivos cardiovasculares en todo el mundo\u00bb, manifest\u00f3 el responsable de la investigaci\u00f3n, Darius Mozaffarian, decano de la Escuela Friedman de Ciencias y Normas de la Nutrici\u00f3n, de la Universidad de Tufts (Massachussets, noreste). <\/p>\n<p>Cient\u00edficos de esta universidad y de la de Harvard investigaron la ingesta de sodio de 205 participantes de 66 pa\u00edses y  concluyeron que la media diaria de consumo en 2010 fue de 3,95 gramos, mientras la Organizaci\u00f3n Mundial de la Salud (OMS) recomienda no ingerir m\u00e1s de dos gramos por d\u00eda.  <\/p>\n<p>\u00abEstas nuevas conclusiones delatan la necesidad de pol\u00edticas fuertes para disminuir el sodio de las dietas de Estados Unidos y en todo el mundo\u00bb, agreg\u00f3 Mozaffarian. @nacionalFm <\/p>\n<p>\u00a0 <\/p>\n<p>\u00a0 <\/p>\n","protected":false},"excerpt":{"rendered":"<p>Seg\u00fan \u00a0un estudio publicado en la New England Journal of <a href=\"https:\/\/sertv.gob.pa\/nacionalfm\/el-exceso-de-sal-ocasiona-problemas-con-la-salud\/\"> [&#8230;]<\/a><\/p>\n","protected":false},"author":1,"featured_media":1066,"comment_status":"closed","ping_status":"closed","sticky":false,"template":"","format":"standard","meta":{"footnotes":""},"categories":[5],"tags":[],"class_list":["post-1065","post","type-post","status-publish","format-standard","has-post-thumbnail","hentry","category-salud"],"_links":{"self":[{"href":"https:\/\/sertv.gob.pa\/nacionalfm\/wp-json\/wp\/v2\/posts\/1065","targetHints":{"allow":["GET"]}}],"collection":[{"href":"https:\/\/sertv.gob.pa\/nacionalfm\/wp-json\/wp\/v2\/posts"}],"about":[{"href":"https:\/\/sertv.gob.pa\/nacionalfm\/wp-json\/wp\/v2\/types\/post"}],"author":[{"embeddable":true,"href":"https:\/\/sertv.gob.pa\/nacionalfm\/wp-json\/wp\/v2\/users\/1"}],"replies":[{"embeddable":true,"href":"https:\/\/sertv.gob.pa\/nacionalfm\/wp-json\/wp\/v2\/comments?post=1065"}],"version-history":[{"count":0,"href":"https:\/\/sertv.gob.pa\/nacionalfm\/wp-json\/wp\/v2\/posts\/1065\/revisions"}],"wp:featuredmedia":[{"embeddable":true,"href":"https:\/\/sertv.gob.pa\/nacionalfm\/wp-json\/wp\/v2\/media\/1066"}],"wp:attachment":[{"href":"https:\/\/sertv.gob.pa\/nacionalfm\/wp-json\/wp\/v2\/media?parent=1065"}],"wp:term":[{"taxonomy":"category","embeddable":true,"href":"https:\/\/sertv.gob.pa\/nacionalfm\/wp-json\/wp\/v2\/categories?post=1065"},{"taxonomy":"post_tag","embeddable":true,"href":"https:\/\/sertv.gob.pa\/nacionalfm\/wp-json\/wp\/v2\/tags?post=1065"}],"curies":[{"name":"wp","href":"https:\/\/api.w.org\/{rel}","templated":true}]}}