{"id":10660,"date":"2016-02-15T16:09:30","date_gmt":"2016-02-15T16:09:30","guid":{"rendered":""},"modified":"2016-02-15T16:09:30","modified_gmt":"2016-02-15T16:09:30","slug":"aumenta-enfermedad-neurologica-en-brote-de-zika","status":"publish","type":"post","link":"https:\/\/sertv.gob.pa\/nacionalfm\/aumenta-enfermedad-neurologica-en-brote-de-zika\/","title":{"rendered":"Aumenta enfermedad neurol\u00f3gica en brote de zika"},"content":{"rendered":"<p>\nUna enfermedad neurol\u00f3gica va en aumento en varios pa\u00edses latinoamericanos que igualmente padecen de un brote del virus del  zika , declar\u00f3 \u00a0la  Organizaci\u00f3n Mundial de la Salud . <\/p>\n<p>El organismo en Ginebra se\u00f1al\u00f3 en un informe semanal que el s\u00edndrome de  Guillain-Barr\u00e9  (GBS, por sus siglas en ingl\u00e9s), que puede provocar par\u00e1lisis temporal, ha sido reportado en Brasil, Colombia, El Salvador, Surinam y Venezuela. <\/p>\n<p>El incremento en los casos de Guillain-Barr\u00e9 est\u00e1 apareciendo en consonancia con la propagaci\u00f3n del virus del zika a 33 pa\u00edses y asimismo con el aumento en los casos de microcefalia, un inusual problema de salud en el que los beb\u00e9s nacen con cabezas de un tama\u00f1o anormalmente peque\u00f1o. <\/p>\n<p>Sin embargo, la agencia de salud expres\u00f3 que \u00abla causa en el incremento en la incidencia de GBS&#8230; sigue sin conocerse, en especial en momentos en que los virus del dengue, el chikungunya y el zika han estado circulando simult\u00e1neamente en Am\u00e9rica\u00bb. <\/p>\n<p>\u00a0 <\/p>\n<p>\u00a0 <\/p>\n","protected":false},"excerpt":{"rendered":"<p>Una enfermedad neurol\u00f3gica va en aumento en varios pa\u00edses latinoamericanos <a href=\"https:\/\/sertv.gob.pa\/nacionalfm\/aumenta-enfermedad-neurologica-en-brote-de-zika\/\"> [&#8230;]<\/a><\/p>\n","protected":false},"author":1,"featured_media":10661,"comment_status":"closed","ping_status":"closed","sticky":false,"template":"","format":"standard","meta":{"footnotes":""},"categories":[5],"tags":[],"class_list":["post-10660","post","type-post","status-publish","format-standard","has-post-thumbnail","hentry","category-salud"],"_links":{"self":[{"href":"https:\/\/sertv.gob.pa\/nacionalfm\/wp-json\/wp\/v2\/posts\/10660","targetHints":{"allow":["GET"]}}],"collection":[{"href":"https:\/\/sertv.gob.pa\/nacionalfm\/wp-json\/wp\/v2\/posts"}],"about":[{"href":"https:\/\/sertv.gob.pa\/nacionalfm\/wp-json\/wp\/v2\/types\/post"}],"author":[{"embeddable":true,"href":"https:\/\/sertv.gob.pa\/nacionalfm\/wp-json\/wp\/v2\/users\/1"}],"replies":[{"embeddable":true,"href":"https:\/\/sertv.gob.pa\/nacionalfm\/wp-json\/wp\/v2\/comments?post=10660"}],"version-history":[{"count":0,"href":"https:\/\/sertv.gob.pa\/nacionalfm\/wp-json\/wp\/v2\/posts\/10660\/revisions"}],"wp:featuredmedia":[{"embeddable":true,"href":"https:\/\/sertv.gob.pa\/nacionalfm\/wp-json\/wp\/v2\/media\/10661"}],"wp:attachment":[{"href":"https:\/\/sertv.gob.pa\/nacionalfm\/wp-json\/wp\/v2\/media?parent=10660"}],"wp:term":[{"taxonomy":"category","embeddable":true,"href":"https:\/\/sertv.gob.pa\/nacionalfm\/wp-json\/wp\/v2\/categories?post=10660"},{"taxonomy":"post_tag","embeddable":true,"href":"https:\/\/sertv.gob.pa\/nacionalfm\/wp-json\/wp\/v2\/tags?post=10660"}],"curies":[{"name":"wp","href":"https:\/\/api.w.org\/{rel}","templated":true}]}}