{"id":10666,"date":"2016-02-15T16:29:55","date_gmt":"2016-02-15T16:29:55","guid":{"rendered":""},"modified":"2016-02-15T16:29:55","modified_gmt":"2016-02-15T16:29:55","slug":"dia-internacional-del-cancer-infantil","status":"publish","type":"post","link":"https:\/\/sertv.gob.pa\/nacionalfm\/dia-internacional-del-cancer-infantil\/","title":{"rendered":"D\u00eda Internacional del C\u00e1ncer Infantil"},"content":{"rendered":"<p>\nEn 2015, en  Panam\u00e1  se diagnosticaron 150  casos  de c\u00e1ncer en ni\u00f1os y adolescentes entre 0 y 18 a\u00f1os. Un 20% m\u00e1s de los que se registraba generalmente al a\u00f1o, cuando la cifra rondaba los 125 casos. <\/p>\n<p>Hay un aproximado de 830 casos de  c\u00e1ncer infantil \u00a0en Panam\u00e1. De estos, un 40% corresponde a la leucemia y los linfomas; otro 40% a los tumores s\u00f3lidos y el 20% restante a los tumores del sistema nervioso, detalla la onc\u00f3loga pediatra-trasplant\u00f3loga del Hospital del Ni\u00f1o, Karina Quintero Delgado. <\/p>\n<p>Hoy, 15 de febrero, se conmemora el  D\u00eda Internacional del C\u00e1ncer Infantil , y es preciso recordar algunos factores clave para un diagn\u00f3stico temprano de esta afecci\u00f3n. <\/p>\n<p>\u00a0 <\/p>\n","protected":false},"excerpt":{"rendered":"<p>En 2015, en Panam\u00e1 se diagnosticaron 150 casos de c\u00e1ncer <a href=\"https:\/\/sertv.gob.pa\/nacionalfm\/dia-internacional-del-cancer-infantil\/\"> [&#8230;]<\/a><\/p>\n","protected":false},"author":1,"featured_media":10667,"comment_status":"closed","ping_status":"closed","sticky":false,"template":"","format":"standard","meta":{"footnotes":""},"categories":[5],"tags":[],"class_list":["post-10666","post","type-post","status-publish","format-standard","has-post-thumbnail","hentry","category-salud"],"_links":{"self":[{"href":"https:\/\/sertv.gob.pa\/nacionalfm\/wp-json\/wp\/v2\/posts\/10666","targetHints":{"allow":["GET"]}}],"collection":[{"href":"https:\/\/sertv.gob.pa\/nacionalfm\/wp-json\/wp\/v2\/posts"}],"about":[{"href":"https:\/\/sertv.gob.pa\/nacionalfm\/wp-json\/wp\/v2\/types\/post"}],"author":[{"embeddable":true,"href":"https:\/\/sertv.gob.pa\/nacionalfm\/wp-json\/wp\/v2\/users\/1"}],"replies":[{"embeddable":true,"href":"https:\/\/sertv.gob.pa\/nacionalfm\/wp-json\/wp\/v2\/comments?post=10666"}],"version-history":[{"count":0,"href":"https:\/\/sertv.gob.pa\/nacionalfm\/wp-json\/wp\/v2\/posts\/10666\/revisions"}],"wp:featuredmedia":[{"embeddable":true,"href":"https:\/\/sertv.gob.pa\/nacionalfm\/wp-json\/wp\/v2\/media\/10667"}],"wp:attachment":[{"href":"https:\/\/sertv.gob.pa\/nacionalfm\/wp-json\/wp\/v2\/media?parent=10666"}],"wp:term":[{"taxonomy":"category","embeddable":true,"href":"https:\/\/sertv.gob.pa\/nacionalfm\/wp-json\/wp\/v2\/categories?post=10666"},{"taxonomy":"post_tag","embeddable":true,"href":"https:\/\/sertv.gob.pa\/nacionalfm\/wp-json\/wp\/v2\/tags?post=10666"}],"curies":[{"name":"wp","href":"https:\/\/api.w.org\/{rel}","templated":true}]}}