{"id":106730,"date":"2025-04-24T10:04:00","date_gmt":"2025-04-24T15:04:00","guid":{"rendered":"https:\/\/sertv.gob.pa\/nacionalfm\/?p=106730"},"modified":"2025-04-24T10:04:00","modified_gmt":"2025-04-24T15:04:00","slug":"la-importancia-de-fortalecer-la-educacion-financiera-en-los-centros-educativos","status":"publish","type":"post","link":"https:\/\/sertv.gob.pa\/nacionalfm\/la-importancia-de-fortalecer-la-educacion-financiera-en-los-centros-educativos\/","title":{"rendered":"La importancia de fortalecer la educaci\u00f3n financiera en los centros educativos"},"content":{"rendered":"<div class=\"fusion-fullwidth fullwidth-box fusion-builder-row-1 fusion-flex-container nonhundred-percent-fullwidth non-hundred-percent-height-scrolling\" style=\"--awb-border-radius-top-left:0px;--awb-border-radius-top-right:0px;--awb-border-radius-bottom-right:0px;--awb-border-radius-bottom-left:0px;--awb-flex-wrap:wrap;\" ><div class=\"fusion-builder-row fusion-row fusion-flex-align-items-flex-start fusion-flex-content-wrap\" style=\"max-width:1144px;margin-left: calc(-4% \/ 2 );margin-right: calc(-4% \/ 2 );\"><div class=\"fusion-layout-column fusion_builder_column fusion-builder-column-0 fusion_builder_column_1_1 1_1 fusion-flex-column\" style=\"--awb-bg-size:cover;--awb-width-large:100%;--awb-margin-top-large:0px;--awb-spacing-right-large:1.92%;--awb-margin-bottom-large:0px;--awb-spacing-left-large:1.92%;--awb-width-medium:100%;--awb-spacing-right-medium:1.92%;--awb-spacing-left-medium:1.92%;--awb-width-small:100%;--awb-spacing-right-small:1.92%;--awb-spacing-left-small:1.92%;\"><div class=\"fusion-column-wrapper fusion-flex-justify-content-flex-start fusion-content-layout-column\"><div class=\"fusion-text fusion-text-1\"><p><em><strong>La ministra de Educaci\u00f3n de Panam\u00e1, Lucy Molinar, se reuni\u00f3 recientemente, con el superintendente de Bancos de Panam\u00e1, Milton Ay\u00f3n Wong; y con el presidente de la Asociaci\u00f3n Bancaria de Panam\u00e1, Ra\u00fal Guizado; encuentro en el que destacaron la importancia de fortalecer la educaci\u00f3n financiera desde el sistema educativo.<\/strong><\/em><\/p>\n<p><strong>Se acord\u00f3 que, este plan se llevar\u00e1 adelante, a trav\u00e9s de la Estrategia Nacional de Educaci\u00f3n Financiera (ENEF) y<em> el programa \u2018Tu balboa con sentido\u2019,<\/em> iniciativas que lidera la Superintendencia de Bancos de Panam\u00e1 (SBP), y que buscan promover el manejo responsable de las finanzas personales y contribuir con el bienestar de la poblaci\u00f3n, con el acompa\u00f1amiento activo del sector bancario y la Asociaci\u00f3n Bancaria de Panam\u00e1.<\/strong><\/p>\n<p><strong>Adem\u00e1s, se dio inicio a conversaciones para el desarrollo de un nuevo proyecto impulsado por el MEDUCA, con respaldo del sector bancario, orientado a brindar apoyo directo a la comunidad educativa en temas de formaci\u00f3n financiera.<\/strong><\/p>\n<p><strong>En la SBP, reafirman el compromiso con una sociedad financieramente consciente e inclusiva, que promueve acciones que generan bienestar y progreso para todos los paname\u00f1os.<\/strong><\/p>\n<p><strong>El superintendente estuvo acompa\u00f1ado por Kuldip Singh, secretario General; y Kathy de Guardia, directora de Asuntos y Proyectos Internacionales. Adem\u00e1s, los acompa\u00f1aron otros representantes de este sector.<\/strong><\/p>\n<p>Fuente: MEDUCA<\/p>\n<\/div><div class=\"awb-gallery-wrapper awb-gallery-wrapper-1 button-span-no\" style=\"--more-btn-alignment:center;\"><div style=\"margin:-5px;--awb-bordersize:0px;\" class=\"fusion-gallery fusion-gallery-container fusion-grid-3 fusion-columns-total-2 fusion-gallery-layout-grid fusion-gallery-1\"><div style=\"padding:5px;\" class=\"fusion-grid-column fusion-gallery-column fusion-gallery-column-3 hover-type-none\"><div class=\"fusion-gallery-image\"><a href=\"https:\/\/sertv.gob.pa\/nacionalfm\/wp-content\/uploads\/sites\/6\/2025\/04\/EDUCACION-FINANCIERA-MEDUCA-1.jpeg\" rel=\"noreferrer\" data-rel=\"iLightbox[gallery_image_1]\" class=\"fusion-lightbox\" target=\"_self\"><img decoding=\"async\" src=\"https:\/\/sertv.gob.pa\/nacionalfm\/wp-content\/uploads\/sites\/6\/2025\/04\/EDUCACION-FINANCIERA-MEDUCA-1.jpeg\" width=\"600\" height=\"374\" alt=\"\" title=\"EDUCACI\u00d3N FINANCIERA MEDUCA 1\" aria-label=\"EDUCACI\u00d3N FINANCIERA MEDUCA 1\" class=\"img-responsive wp-image-106731\" srcset=\"https:\/\/sertv.gob.pa\/nacionalfm\/wp-content\/uploads\/sites\/6\/2025\/04\/EDUCACION-FINANCIERA-MEDUCA-1-200x125.jpeg 200w, https:\/\/sertv.gob.pa\/nacionalfm\/wp-content\/uploads\/sites\/6\/2025\/04\/EDUCACION-FINANCIERA-MEDUCA-1-400x249.jpeg 400w, https:\/\/sertv.gob.pa\/nacionalfm\/wp-content\/uploads\/sites\/6\/2025\/04\/EDUCACION-FINANCIERA-MEDUCA-1.jpeg 600w\" sizes=\"(min-width: 2200px) 100vw, (min-width: 784px) 363px, (min-width: 712px) 545px, (min-width: 640px) 712px, \" \/><\/a><\/div><\/div><div style=\"padding:5px;\" class=\"fusion-grid-column fusion-gallery-column fusion-gallery-column-3 hover-type-none\"><div class=\"fusion-gallery-image\"><a href=\"https:\/\/sertv.gob.pa\/nacionalfm\/wp-content\/uploads\/sites\/6\/2025\/04\/EDUCACION-FINANCIERA-MEDUCA-2.jpeg\" rel=\"noreferrer\" data-rel=\"iLightbox[gallery_image_1]\" class=\"fusion-lightbox\" target=\"_self\"><img decoding=\"async\" src=\"https:\/\/sertv.gob.pa\/nacionalfm\/wp-content\/uploads\/sites\/6\/2025\/04\/EDUCACION-FINANCIERA-MEDUCA-2.jpeg\" width=\"600\" height=\"400\" alt=\"\" title=\"EDUCACI\u00d3N FINANCIERA MEDUCA 2\" aria-label=\"EDUCACI\u00d3N FINANCIERA MEDUCA 2\" class=\"img-responsive wp-image-106732\" srcset=\"https:\/\/sertv.gob.pa\/nacionalfm\/wp-content\/uploads\/sites\/6\/2025\/04\/EDUCACION-FINANCIERA-MEDUCA-2-200x133.jpeg 200w, https:\/\/sertv.gob.pa\/nacionalfm\/wp-content\/uploads\/sites\/6\/2025\/04\/EDUCACION-FINANCIERA-MEDUCA-2-400x267.jpeg 400w, https:\/\/sertv.gob.pa\/nacionalfm\/wp-content\/uploads\/sites\/6\/2025\/04\/EDUCACION-FINANCIERA-MEDUCA-2.jpeg 600w\" sizes=\"(min-width: 2200px) 100vw, (min-width: 784px) 363px, (min-width: 712px) 545px, (min-width: 640px) 712px, \" \/><\/a><\/div><\/div><\/div><\/div><\/div><\/div><\/div><\/div>\n","protected":false},"excerpt":{"rendered":"","protected":false},"author":9,"featured_media":106731,"comment_status":"closed","ping_status":"closed","sticky":false,"template":"","format":"standard","meta":{"footnotes":""},"categories":[2],"tags":[],"class_list":["post-106730","post","type-post","status-publish","format-standard","has-post-thumbnail","hentry","category-nacionales"],"_links":{"self":[{"href":"https:\/\/sertv.gob.pa\/nacionalfm\/wp-json\/wp\/v2\/posts\/106730","targetHints":{"allow":["GET"]}}],"collection":[{"href":"https:\/\/sertv.gob.pa\/nacionalfm\/wp-json\/wp\/v2\/posts"}],"about":[{"href":"https:\/\/sertv.gob.pa\/nacionalfm\/wp-json\/wp\/v2\/types\/post"}],"author":[{"embeddable":true,"href":"https:\/\/sertv.gob.pa\/nacionalfm\/wp-json\/wp\/v2\/users\/9"}],"replies":[{"embeddable":true,"href":"https:\/\/sertv.gob.pa\/nacionalfm\/wp-json\/wp\/v2\/comments?post=106730"}],"version-history":[{"count":1,"href":"https:\/\/sertv.gob.pa\/nacionalfm\/wp-json\/wp\/v2\/posts\/106730\/revisions"}],"predecessor-version":[{"id":106733,"href":"https:\/\/sertv.gob.pa\/nacionalfm\/wp-json\/wp\/v2\/posts\/106730\/revisions\/106733"}],"wp:featuredmedia":[{"embeddable":true,"href":"https:\/\/sertv.gob.pa\/nacionalfm\/wp-json\/wp\/v2\/media\/106731"}],"wp:attachment":[{"href":"https:\/\/sertv.gob.pa\/nacionalfm\/wp-json\/wp\/v2\/media?parent=106730"}],"wp:term":[{"taxonomy":"category","embeddable":true,"href":"https:\/\/sertv.gob.pa\/nacionalfm\/wp-json\/wp\/v2\/categories?post=106730"},{"taxonomy":"post_tag","embeddable":true,"href":"https:\/\/sertv.gob.pa\/nacionalfm\/wp-json\/wp\/v2\/tags?post=106730"}],"curies":[{"name":"wp","href":"https:\/\/api.w.org\/{rel}","templated":true}]}}