{"id":106872,"date":"2025-04-28T10:00:48","date_gmt":"2025-04-28T15:00:48","guid":{"rendered":"https:\/\/sertv.gob.pa\/nacionalfm\/?p=106872"},"modified":"2025-04-28T10:00:48","modified_gmt":"2025-04-28T15:00:48","slug":"comunicado-del-ima","status":"publish","type":"post","link":"https:\/\/sertv.gob.pa\/nacionalfm\/comunicado-del-ima\/","title":{"rendered":"Comunicado del IMA"},"content":{"rendered":"<p><strong>Las autoridades del Instituto de Mercadeo Agropecuario de Panam\u00e1 (IMA), informan a la ciudadan\u00eda sobre la realizaci\u00f3n de las ferias.<\/strong><\/p>\n<p><strong>Acorde al Comunicado, las mismas, se realizar\u00e1n gracias al apoyo de los productores y de los funcionarios que desean cumplir con la misi\u00f3n de llevar alimentos baratos a la mesa paname\u00f1a.<\/strong><\/p>\n<p>&nbsp;<\/p>\n<p>Fuente: IMA<\/p>\n","protected":false},"excerpt":{"rendered":"<p>Las autoridades del Instituto de Mercadeo Agropecuario de Panam\u00e1 (IMA), <a href=\"https:\/\/sertv.gob.pa\/nacionalfm\/comunicado-del-ima\/\"> [&#8230;]<\/a><\/p>\n","protected":false},"author":9,"featured_media":106869,"comment_status":"closed","ping_status":"closed","sticky":false,"template":"","format":"standard","meta":{"footnotes":""},"categories":[2],"tags":[],"class_list":["post-106872","post","type-post","status-publish","format-standard","has-post-thumbnail","hentry","category-nacionales"],"_links":{"self":[{"href":"https:\/\/sertv.gob.pa\/nacionalfm\/wp-json\/wp\/v2\/posts\/106872","targetHints":{"allow":["GET"]}}],"collection":[{"href":"https:\/\/sertv.gob.pa\/nacionalfm\/wp-json\/wp\/v2\/posts"}],"about":[{"href":"https:\/\/sertv.gob.pa\/nacionalfm\/wp-json\/wp\/v2\/types\/post"}],"author":[{"embeddable":true,"href":"https:\/\/sertv.gob.pa\/nacionalfm\/wp-json\/wp\/v2\/users\/9"}],"replies":[{"embeddable":true,"href":"https:\/\/sertv.gob.pa\/nacionalfm\/wp-json\/wp\/v2\/comments?post=106872"}],"version-history":[{"count":1,"href":"https:\/\/sertv.gob.pa\/nacionalfm\/wp-json\/wp\/v2\/posts\/106872\/revisions"}],"predecessor-version":[{"id":106874,"href":"https:\/\/sertv.gob.pa\/nacionalfm\/wp-json\/wp\/v2\/posts\/106872\/revisions\/106874"}],"wp:featuredmedia":[{"embeddable":true,"href":"https:\/\/sertv.gob.pa\/nacionalfm\/wp-json\/wp\/v2\/media\/106869"}],"wp:attachment":[{"href":"https:\/\/sertv.gob.pa\/nacionalfm\/wp-json\/wp\/v2\/media?parent=106872"}],"wp:term":[{"taxonomy":"category","embeddable":true,"href":"https:\/\/sertv.gob.pa\/nacionalfm\/wp-json\/wp\/v2\/categories?post=106872"},{"taxonomy":"post_tag","embeddable":true,"href":"https:\/\/sertv.gob.pa\/nacionalfm\/wp-json\/wp\/v2\/tags?post=106872"}],"curies":[{"name":"wp","href":"https:\/\/api.w.org\/{rel}","templated":true}]}}