{"id":10698,"date":"2016-02-16T16:17:41","date_gmt":"2016-02-16T16:17:41","guid":{"rendered":""},"modified":"2016-02-16T16:17:41","modified_gmt":"2016-02-16T16:17:41","slug":"los-casos-de-zika-en-la-comarca-guna-aumentan-a-53","status":"publish","type":"post","link":"https:\/\/sertv.gob.pa\/nacionalfm\/los-casos-de-zika-en-la-comarca-guna-aumentan-a-53\/","title":{"rendered":"Los casos de zika en la comarca Guna aumentan a 53"},"content":{"rendered":"<p>\nLas Autoridades paname\u00f1as de Salud\u00a0 dieron a conocer que el n\u00famero de casos de afectados por el virus del Zika en Panam\u00e1 subi\u00f3 a 53, todos en la comarca ind\u00edgena de Guna Yala, en el litoral Caribe lim\u00edtrofe con Colombia. <\/p>\n<p>El viceministro paname\u00f1o de Salud, Miguel Mayo, se\u00f1al\u00f3 a los periodistas que entre los casos hay uno confirmado de una embarazada y de otra que es sospechosa de haber adquirido el virus.<br \/>\nMay\u00f3 explic\u00f3 que el diagn\u00f3stico efectuado a esta \u00faltima mujer se detect\u00f3 que tiene 28 meses de gestaci\u00f3n, lo cual, afirm\u00f3, \u00abhace poco probable que tenga alguna alteraci\u00f3n cong\u00e9nita ese ni\u00f1o\u00bb. <\/p>\n<p>El galeno destac\u00f3 igualmente que en la actualidad \u00abno hay reportes de ninguna enfermedad neurol\u00f3gica asociada al brote del Zika\u00bb detectado en la comarca Guna Yala.<br \/>\n\u00a0 <\/p>\n<p>\u00a0 <\/p>\n","protected":false},"excerpt":{"rendered":"<p>Las Autoridades paname\u00f1as de Salud\u00a0 dieron a conocer que el <a href=\"https:\/\/sertv.gob.pa\/nacionalfm\/los-casos-de-zika-en-la-comarca-guna-aumentan-a-53\/\"> [&#8230;]<\/a><\/p>\n","protected":false},"author":1,"featured_media":10699,"comment_status":"closed","ping_status":"closed","sticky":false,"template":"","format":"standard","meta":{"footnotes":""},"categories":[5],"tags":[],"class_list":["post-10698","post","type-post","status-publish","format-standard","has-post-thumbnail","hentry","category-salud"],"_links":{"self":[{"href":"https:\/\/sertv.gob.pa\/nacionalfm\/wp-json\/wp\/v2\/posts\/10698","targetHints":{"allow":["GET"]}}],"collection":[{"href":"https:\/\/sertv.gob.pa\/nacionalfm\/wp-json\/wp\/v2\/posts"}],"about":[{"href":"https:\/\/sertv.gob.pa\/nacionalfm\/wp-json\/wp\/v2\/types\/post"}],"author":[{"embeddable":true,"href":"https:\/\/sertv.gob.pa\/nacionalfm\/wp-json\/wp\/v2\/users\/1"}],"replies":[{"embeddable":true,"href":"https:\/\/sertv.gob.pa\/nacionalfm\/wp-json\/wp\/v2\/comments?post=10698"}],"version-history":[{"count":0,"href":"https:\/\/sertv.gob.pa\/nacionalfm\/wp-json\/wp\/v2\/posts\/10698\/revisions"}],"wp:featuredmedia":[{"embeddable":true,"href":"https:\/\/sertv.gob.pa\/nacionalfm\/wp-json\/wp\/v2\/media\/10699"}],"wp:attachment":[{"href":"https:\/\/sertv.gob.pa\/nacionalfm\/wp-json\/wp\/v2\/media?parent=10698"}],"wp:term":[{"taxonomy":"category","embeddable":true,"href":"https:\/\/sertv.gob.pa\/nacionalfm\/wp-json\/wp\/v2\/categories?post=10698"},{"taxonomy":"post_tag","embeddable":true,"href":"https:\/\/sertv.gob.pa\/nacionalfm\/wp-json\/wp\/v2\/tags?post=10698"}],"curies":[{"name":"wp","href":"https:\/\/api.w.org\/{rel}","templated":true}]}}