{"id":10702,"date":"2016-02-16T16:29:09","date_gmt":"2016-02-16T16:29:09","guid":{"rendered":""},"modified":"2016-02-16T16:29:09","modified_gmt":"2016-02-16T16:29:09","slug":"mas-de-58-mil-ninos-en-riesgo-de-morir-de-hambre","status":"publish","type":"post","link":"https:\/\/sertv.gob.pa\/nacionalfm\/mas-de-58-mil-ninos-en-riesgo-de-morir-de-hambre\/","title":{"rendered":"M\u00e1s de 58 mil ni\u00f1os en riesgo de morir de hambre"},"content":{"rendered":"<p>\nEn Somalia m\u00e1s de 58 mil ni\u00f1os podr\u00edan morir de hambre \u00a0si no reciben ayuda humanitaria urgentemente, en un pa\u00eds azotado por una terrible sequ\u00eda y la guerra civil, \u00a0alert\u00f3 este lunes Naciones Unidas. <\/p>\n<p>&lsquo;El nivel de malnutrici\u00f3n, especialmente entre los ni\u00f1os es muy preocupante&#8217; declar\u00f3 \u00a0el coordinador para la ayuda humanitaria de la ONU, Peter de Clercq. <\/p>\n","protected":false},"excerpt":{"rendered":"<p>En Somalia m\u00e1s de 58 mil ni\u00f1os podr\u00edan morir de <a href=\"https:\/\/sertv.gob.pa\/nacionalfm\/mas-de-58-mil-ninos-en-riesgo-de-morir-de-hambre\/\"> [&#8230;]<\/a><\/p>\n","protected":false},"author":1,"featured_media":10703,"comment_status":"closed","ping_status":"closed","sticky":false,"template":"","format":"standard","meta":{"footnotes":""},"categories":[5],"tags":[],"class_list":["post-10702","post","type-post","status-publish","format-standard","has-post-thumbnail","hentry","category-salud"],"_links":{"self":[{"href":"https:\/\/sertv.gob.pa\/nacionalfm\/wp-json\/wp\/v2\/posts\/10702","targetHints":{"allow":["GET"]}}],"collection":[{"href":"https:\/\/sertv.gob.pa\/nacionalfm\/wp-json\/wp\/v2\/posts"}],"about":[{"href":"https:\/\/sertv.gob.pa\/nacionalfm\/wp-json\/wp\/v2\/types\/post"}],"author":[{"embeddable":true,"href":"https:\/\/sertv.gob.pa\/nacionalfm\/wp-json\/wp\/v2\/users\/1"}],"replies":[{"embeddable":true,"href":"https:\/\/sertv.gob.pa\/nacionalfm\/wp-json\/wp\/v2\/comments?post=10702"}],"version-history":[{"count":0,"href":"https:\/\/sertv.gob.pa\/nacionalfm\/wp-json\/wp\/v2\/posts\/10702\/revisions"}],"wp:featuredmedia":[{"embeddable":true,"href":"https:\/\/sertv.gob.pa\/nacionalfm\/wp-json\/wp\/v2\/media\/10703"}],"wp:attachment":[{"href":"https:\/\/sertv.gob.pa\/nacionalfm\/wp-json\/wp\/v2\/media?parent=10702"}],"wp:term":[{"taxonomy":"category","embeddable":true,"href":"https:\/\/sertv.gob.pa\/nacionalfm\/wp-json\/wp\/v2\/categories?post=10702"},{"taxonomy":"post_tag","embeddable":true,"href":"https:\/\/sertv.gob.pa\/nacionalfm\/wp-json\/wp\/v2\/tags?post=10702"}],"curies":[{"name":"wp","href":"https:\/\/api.w.org\/{rel}","templated":true}]}}