{"id":10710,"date":"2016-02-16T19:24:45","date_gmt":"2016-02-16T19:24:45","guid":{"rendered":""},"modified":"2016-02-16T19:24:45","modified_gmt":"2016-02-16T19:24:45","slug":"alvis-almendra-medallista-panameno-se-entrena-para-rio-2016","status":"publish","type":"post","link":"https:\/\/sertv.gob.pa\/nacionalfm\/alvis-almendra-medallista-panameno-se-entrena-para-rio-2016\/","title":{"rendered":"Alvis Almendra medallista paname\u00f1o, se entrena para \u201cR\u00edo 2016\u201d"},"content":{"rendered":"<p>\nEl Cabo 1ro. Alvis Almendra, que pertenece a la Polic\u00eda Nacional de Panam\u00e1, quien recibiera la medalla de plata, en la final de los 75 kilogramos de Lucha Grecorromana, en los Juegos Panamericanos de Toronto, Canad\u00e1, se encuentra realizando entrenamientos en Colorado, Estados Unidos, con la intenci\u00f3n de clasificar a los Juegos Ol\u00edmpicos 2016, a celebrarse en R\u00edo de Janeiro, Brasil. <\/p>\n<p>En relaci\u00f3n al tema, Almedra manifest\u00f3 sentirse preparado y confiado\u00a0 para salir airoso en el torneo Preol\u00edmpico que se desarrollar\u00e1 del 4 al 6 de marzo; certamen que se celebrar\u00e1 en Texas, Estados Unidos, solo dos finalistas de cada categor\u00eda obtendr\u00e1n su pase directo a los Juegos Ol\u00edmpicos. <\/p>\n<p>El luchador quien se encuentra, desde hace tres semanas en Estados Unidos, \u00a0es originario de la provincia de Veraguas,\u00a0\u00a0se prepara\u00a0\u00a0con fortaleza y ganas, con el objetivo de llegar con las mejores condiciones a R\u00edo de Janeiro. <\/p>\n<p>Expres\u00f3 sentirse contento por el apoyo que le ha brindado la Polic\u00eda Nacional y sus compa\u00f1eros de trabajo. <\/p>\n","protected":false},"excerpt":{"rendered":"<p>El Cabo 1ro. Alvis Almendra, que pertenece a la Polic\u00eda <a href=\"https:\/\/sertv.gob.pa\/nacionalfm\/alvis-almendra-medallista-panameno-se-entrena-para-rio-2016\/\"> [&#8230;]<\/a><\/p>\n","protected":false},"author":1,"featured_media":10711,"comment_status":"closed","ping_status":"closed","sticky":false,"template":"","format":"standard","meta":{"footnotes":""},"categories":[4],"tags":[],"class_list":["post-10710","post","type-post","status-publish","format-standard","has-post-thumbnail","hentry","category-deportes"],"_links":{"self":[{"href":"https:\/\/sertv.gob.pa\/nacionalfm\/wp-json\/wp\/v2\/posts\/10710","targetHints":{"allow":["GET"]}}],"collection":[{"href":"https:\/\/sertv.gob.pa\/nacionalfm\/wp-json\/wp\/v2\/posts"}],"about":[{"href":"https:\/\/sertv.gob.pa\/nacionalfm\/wp-json\/wp\/v2\/types\/post"}],"author":[{"embeddable":true,"href":"https:\/\/sertv.gob.pa\/nacionalfm\/wp-json\/wp\/v2\/users\/1"}],"replies":[{"embeddable":true,"href":"https:\/\/sertv.gob.pa\/nacionalfm\/wp-json\/wp\/v2\/comments?post=10710"}],"version-history":[{"count":0,"href":"https:\/\/sertv.gob.pa\/nacionalfm\/wp-json\/wp\/v2\/posts\/10710\/revisions"}],"wp:featuredmedia":[{"embeddable":true,"href":"https:\/\/sertv.gob.pa\/nacionalfm\/wp-json\/wp\/v2\/media\/10711"}],"wp:attachment":[{"href":"https:\/\/sertv.gob.pa\/nacionalfm\/wp-json\/wp\/v2\/media?parent=10710"}],"wp:term":[{"taxonomy":"category","embeddable":true,"href":"https:\/\/sertv.gob.pa\/nacionalfm\/wp-json\/wp\/v2\/categories?post=10710"},{"taxonomy":"post_tag","embeddable":true,"href":"https:\/\/sertv.gob.pa\/nacionalfm\/wp-json\/wp\/v2\/tags?post=10710"}],"curies":[{"name":"wp","href":"https:\/\/api.w.org\/{rel}","templated":true}]}}