{"id":107154,"date":"2025-05-05T11:59:31","date_gmt":"2025-05-05T16:59:31","guid":{"rendered":"https:\/\/sertv.gob.pa\/nacionalfm\/?p=107154"},"modified":"2025-05-05T11:59:31","modified_gmt":"2025-05-05T16:59:31","slug":"comunicado-paro-medico","status":"publish","type":"post","link":"https:\/\/sertv.gob.pa\/nacionalfm\/comunicado-paro-medico\/","title":{"rendered":"Comunicado Paro M\u00e9dico"},"content":{"rendered":"<p><strong>El Ministerio de Salud (Minsa), como regente de la salud en Panam\u00e1, rechaza toda medida de presi\u00f3n que afect\u00e9 la atenci\u00f3n de los pacientes y ponga en riesgo la vida de los ciudadanos.<\/strong><\/p>\n<p><strong>Igualmente, reiteramos a la poblaci\u00f3n en general que las instalaciones de salud del Minsa en todo el pa\u00eds mantendr\u00e1n sus puertas abiertas en sus horarios regulares.<\/strong><\/p>\n<p><strong>Panam\u00e1, 4 de mayo de 2025<\/strong><\/p>\n<p>&nbsp;<\/p>\n<p>Fuente: MINSA<\/p>\n<p>&nbsp;<\/p>\n","protected":false},"excerpt":{"rendered":"<p>El Ministerio de Salud (Minsa), como regente de la salud <a href=\"https:\/\/sertv.gob.pa\/nacionalfm\/comunicado-paro-medico\/\"> [&#8230;]<\/a><\/p>\n","protected":false},"author":9,"featured_media":86074,"comment_status":"closed","ping_status":"closed","sticky":false,"template":"","format":"standard","meta":{"footnotes":""},"categories":[2],"tags":[],"class_list":["post-107154","post","type-post","status-publish","format-standard","has-post-thumbnail","hentry","category-nacionales"],"_links":{"self":[{"href":"https:\/\/sertv.gob.pa\/nacionalfm\/wp-json\/wp\/v2\/posts\/107154","targetHints":{"allow":["GET"]}}],"collection":[{"href":"https:\/\/sertv.gob.pa\/nacionalfm\/wp-json\/wp\/v2\/posts"}],"about":[{"href":"https:\/\/sertv.gob.pa\/nacionalfm\/wp-json\/wp\/v2\/types\/post"}],"author":[{"embeddable":true,"href":"https:\/\/sertv.gob.pa\/nacionalfm\/wp-json\/wp\/v2\/users\/9"}],"replies":[{"embeddable":true,"href":"https:\/\/sertv.gob.pa\/nacionalfm\/wp-json\/wp\/v2\/comments?post=107154"}],"version-history":[{"count":1,"href":"https:\/\/sertv.gob.pa\/nacionalfm\/wp-json\/wp\/v2\/posts\/107154\/revisions"}],"predecessor-version":[{"id":107155,"href":"https:\/\/sertv.gob.pa\/nacionalfm\/wp-json\/wp\/v2\/posts\/107154\/revisions\/107155"}],"wp:featuredmedia":[{"embeddable":true,"href":"https:\/\/sertv.gob.pa\/nacionalfm\/wp-json\/wp\/v2\/media\/86074"}],"wp:attachment":[{"href":"https:\/\/sertv.gob.pa\/nacionalfm\/wp-json\/wp\/v2\/media?parent=107154"}],"wp:term":[{"taxonomy":"category","embeddable":true,"href":"https:\/\/sertv.gob.pa\/nacionalfm\/wp-json\/wp\/v2\/categories?post=107154"},{"taxonomy":"post_tag","embeddable":true,"href":"https:\/\/sertv.gob.pa\/nacionalfm\/wp-json\/wp\/v2\/tags?post=107154"}],"curies":[{"name":"wp","href":"https:\/\/api.w.org\/{rel}","templated":true}]}}