{"id":107156,"date":"2025-05-05T12:14:10","date_gmt":"2025-05-05T17:14:10","guid":{"rendered":"https:\/\/sertv.gob.pa\/nacionalfm\/?p=107156"},"modified":"2025-05-05T12:14:10","modified_gmt":"2025-05-05T17:14:10","slug":"comunicado-31","status":"publish","type":"post","link":"https:\/\/sertv.gob.pa\/nacionalfm\/comunicado-31\/","title":{"rendered":"COMUNICADO"},"content":{"rendered":"<p><strong>El Hospital del Ni\u00f1o reafirma su compromiso con la ni\u00f1ez paname\u00f1a. Haremos los esfuerzos necesarios para garantizar la continuidad de los servicios, priorizando siempre su bienestar. <\/strong><strong>@Hospitaldelnin1<\/strong><\/p>\n<p>&nbsp;<\/p>\n<p>Fuente: MINSA<\/p>\n","protected":false},"excerpt":{"rendered":"<p>El Hospital del Ni\u00f1o reafirma su compromiso con la ni\u00f1ez <a href=\"https:\/\/sertv.gob.pa\/nacionalfm\/comunicado-31\/\"> [&#8230;]<\/a><\/p>\n","protected":false},"author":9,"featured_media":107157,"comment_status":"closed","ping_status":"closed","sticky":false,"template":"","format":"standard","meta":{"footnotes":""},"categories":[2],"tags":[],"class_list":["post-107156","post","type-post","status-publish","format-standard","has-post-thumbnail","hentry","category-nacionales"],"_links":{"self":[{"href":"https:\/\/sertv.gob.pa\/nacionalfm\/wp-json\/wp\/v2\/posts\/107156","targetHints":{"allow":["GET"]}}],"collection":[{"href":"https:\/\/sertv.gob.pa\/nacionalfm\/wp-json\/wp\/v2\/posts"}],"about":[{"href":"https:\/\/sertv.gob.pa\/nacionalfm\/wp-json\/wp\/v2\/types\/post"}],"author":[{"embeddable":true,"href":"https:\/\/sertv.gob.pa\/nacionalfm\/wp-json\/wp\/v2\/users\/9"}],"replies":[{"embeddable":true,"href":"https:\/\/sertv.gob.pa\/nacionalfm\/wp-json\/wp\/v2\/comments?post=107156"}],"version-history":[{"count":1,"href":"https:\/\/sertv.gob.pa\/nacionalfm\/wp-json\/wp\/v2\/posts\/107156\/revisions"}],"predecessor-version":[{"id":107158,"href":"https:\/\/sertv.gob.pa\/nacionalfm\/wp-json\/wp\/v2\/posts\/107156\/revisions\/107158"}],"wp:featuredmedia":[{"embeddable":true,"href":"https:\/\/sertv.gob.pa\/nacionalfm\/wp-json\/wp\/v2\/media\/107157"}],"wp:attachment":[{"href":"https:\/\/sertv.gob.pa\/nacionalfm\/wp-json\/wp\/v2\/media?parent=107156"}],"wp:term":[{"taxonomy":"category","embeddable":true,"href":"https:\/\/sertv.gob.pa\/nacionalfm\/wp-json\/wp\/v2\/categories?post=107156"},{"taxonomy":"post_tag","embeddable":true,"href":"https:\/\/sertv.gob.pa\/nacionalfm\/wp-json\/wp\/v2\/tags?post=107156"}],"curies":[{"name":"wp","href":"https:\/\/api.w.org\/{rel}","templated":true}]}}