{"id":10718,"date":"2016-02-17T15:07:59","date_gmt":"2016-02-17T15:07:59","guid":{"rendered":""},"modified":"2016-02-17T15:07:59","modified_gmt":"2016-02-17T15:07:59","slug":"llamado-para-recaudar-56-millones-en-lucha-contra-el-zika-lanza-oms","status":"publish","type":"post","link":"https:\/\/sertv.gob.pa\/nacionalfm\/llamado-para-recaudar-56-millones-en-lucha-contra-el-zika-lanza-oms\/","title":{"rendered":"Llamado para recaudar $56 millones en lucha contra el zika lanza OMS"},"content":{"rendered":"<p>\nLa Organizaci\u00f3n Mundial de la Salud (OMS) lanz\u00f3 en Ginebra un llamado para recaudar 56 millones de d\u00f3lares para financiar la lucha contra  el virus del zika . \u00a0 <\/p>\n<p>La propagaci\u00f3n de ese virus, descubierto en Uganda en 1947, es una preocupaci\u00f3n mundial debido a las sospechas de que provoca  enfermedades neurol\u00f3gicas \u00a0en los reci\u00e9n nacidos, como la  microcefalia , o el s\u00edndrome de  Guillain-Barr\u00e9 . <\/p>\n<p>De esos 56 millones, 25 deben financiar las acciones de la OMS y sus antenas regionales en el continente americano. <\/p>\n<p>Los otros 31 millones deben contribuir a las actividades de las organizaciones asociadas a la  OMS  en la lucha contra el virus. <\/p>\n<p>\u00a0 <\/p>\n<p>\u00a0 <\/p>\n","protected":false},"excerpt":{"rendered":"<p>La Organizaci\u00f3n Mundial de la Salud (OMS) lanz\u00f3 en Ginebra <a href=\"https:\/\/sertv.gob.pa\/nacionalfm\/llamado-para-recaudar-56-millones-en-lucha-contra-el-zika-lanza-oms\/\"> [&#8230;]<\/a><\/p>\n","protected":false},"author":1,"featured_media":10719,"comment_status":"closed","ping_status":"closed","sticky":false,"template":"","format":"standard","meta":{"footnotes":""},"categories":[5],"tags":[],"class_list":["post-10718","post","type-post","status-publish","format-standard","has-post-thumbnail","hentry","category-salud"],"_links":{"self":[{"href":"https:\/\/sertv.gob.pa\/nacionalfm\/wp-json\/wp\/v2\/posts\/10718","targetHints":{"allow":["GET"]}}],"collection":[{"href":"https:\/\/sertv.gob.pa\/nacionalfm\/wp-json\/wp\/v2\/posts"}],"about":[{"href":"https:\/\/sertv.gob.pa\/nacionalfm\/wp-json\/wp\/v2\/types\/post"}],"author":[{"embeddable":true,"href":"https:\/\/sertv.gob.pa\/nacionalfm\/wp-json\/wp\/v2\/users\/1"}],"replies":[{"embeddable":true,"href":"https:\/\/sertv.gob.pa\/nacionalfm\/wp-json\/wp\/v2\/comments?post=10718"}],"version-history":[{"count":0,"href":"https:\/\/sertv.gob.pa\/nacionalfm\/wp-json\/wp\/v2\/posts\/10718\/revisions"}],"wp:featuredmedia":[{"embeddable":true,"href":"https:\/\/sertv.gob.pa\/nacionalfm\/wp-json\/wp\/v2\/media\/10719"}],"wp:attachment":[{"href":"https:\/\/sertv.gob.pa\/nacionalfm\/wp-json\/wp\/v2\/media?parent=10718"}],"wp:term":[{"taxonomy":"category","embeddable":true,"href":"https:\/\/sertv.gob.pa\/nacionalfm\/wp-json\/wp\/v2\/categories?post=10718"},{"taxonomy":"post_tag","embeddable":true,"href":"https:\/\/sertv.gob.pa\/nacionalfm\/wp-json\/wp\/v2\/tags?post=10718"}],"curies":[{"name":"wp","href":"https:\/\/api.w.org\/{rel}","templated":true}]}}